{"id":781,"date":"2021-05-17T04:43:37","date_gmt":"2021-05-17T02:43:37","guid":{"rendered":"http:\/\/it3.home.pl\/gmina_chasno\/?p=781"},"modified":"2021-05-30T00:49:29","modified_gmt":"2021-05-29T22:49:29","slug":"narodowy-spis-powszechny-ludnosci-i-mieszkan-2021-2","status":"publish","type":"post","link":"https:\/\/gminachasno.pl\/index.php\/2021\/05\/17\/narodowy-spis-powszechny-ludnosci-i-mieszkan-2021-2\/","title":{"rendered":"Narodowy Spis Powszechny Ludno\u015bci i Mieszka\u0144 2021"},"content":{"rendered":"\n<p>Szanowni Pa\u0144stwo<\/p>\n\n\n\n<p class=\"has-text-align-justify\">Prezydent RP podpisa\u0142 nowelizacj\u0119 ustawy o Narodowym Spisie Powszechnym Ludno\u015bci i Mieszka\u0144 2021<\/p>\n\n\n\n<p class=\"has-text-align-justify\">Spis potrwa d\u0142u\u017cej o 3 miesi\u0105ce i zako\u0144czy si\u0119 30 wrze\u015bnia br.<\/p>\n\n\n\n<p class=\"has-text-align-justify\">G\u0142\u00f3wnym celem nowelizacji ustawy jest wyd\u0142u\u017cenie czasu realizacji NSP w warunkach zagro\u017cenia epidemicznego COVID-19 o 3 miesi\u0105ce, tj. do 30&nbsp;wrze\u015bnia&nbsp;2021. Pozosta\u0142e zmiany dotycz\u0105 m.in.:<\/p>\n\n\n\n<ul class=\"wp-block-list\"><li>ujednolicenia stawki wynagrodzenia dla rachmistrz\u00f3w spisowych do 6 z\u0142 brutto za ka\u017cdy przeprowadzony wywiad;<\/li><li>dostosowania przepis\u00f3w dotycz\u0105cych popularyzacji spisu w mediach publicznych do wyd\u0142u\u017conego czasu trwania spisu.<\/li><\/ul>\n\n\n\n<p class=\"has-text-align-justify\">Ustawa wchodzi w \u017cycie z dniem nast\u0119puj\u0105cym po dniu og\u0142oszenia.<\/p>\n\n\n\n<p>Link do ustawy: <strong><a rel=\"noreferrer noopener\" href=\"https:\/\/www.prezydent.pl\/aktualnosci\/wydarzenia\/art,2151,prezydent-podpisal-trzy-ustawy.html\" target=\"_blank\">https:\/\/www.prezydent.pl\/aktualnosci\/wydarzenia\/art,2151,prezydent-podpisal-trzy-ustawy.html<\/a><\/strong><\/p>\n\n\n\n<figure class=\"wp-block-image size-large\"><img loading=\"lazy\" decoding=\"async\" width=\"724\" height=\"1024\" src=\"http:\/\/it3.home.pl\/gmina_chasno\/wp-content\/uploads\/2021\/05\/PlakatA3_NSP2021-nowa-data_0-724x1024.jpg\" alt=\"\" class=\"wp-image-782\" srcset=\"https:\/\/gminachasno.pl\/wp-content\/uploads\/2021\/05\/PlakatA3_NSP2021-nowa-data_0-724x1024.jpg 724w, https:\/\/gminachasno.pl\/wp-content\/uploads\/2021\/05\/PlakatA3_NSP2021-nowa-data_0-212x300.jpg 212w, https:\/\/gminachasno.pl\/wp-content\/uploads\/2021\/05\/PlakatA3_NSP2021-nowa-data_0-768x1086.jpg 768w, https:\/\/gminachasno.pl\/wp-content\/uploads\/2021\/05\/PlakatA3_NSP2021-nowa-data_0-1086x1536.jpg 1086w, https:\/\/gminachasno.pl\/wp-content\/uploads\/2021\/05\/PlakatA3_NSP2021-nowa-data_0-1448x2048.jpg 1448w, https:\/\/gminachasno.pl\/wp-content\/uploads\/2021\/05\/PlakatA3_NSP2021-nowa-data_0-scaled.jpg 1810w\" sizes=\"auto, (max-width: 724px) 100vw, 724px\" \/><\/figure>\n","protected":false},"excerpt":{"rendered":"<p>Szanowni Pa\u0144stwo Prezydent RP podpisa\u0142 nowelizacj\u0119 ustawy o Narodowym Spisie Powszechnym Ludno\u015bci i Mieszka\u0144 2021 Spis potrwa d\u0142u\u017cej o 3 miesi\u0105ce i zako\u0144czy si\u0119 30 wrze\u015bnia br. G\u0142\u00f3wnym celem nowelizacji ustawy jest wyd\u0142u\u017cenie czasu realizacji NSP w warunkach zagro\u017cenia epidemicznego COVID-19 o 3 miesi\u0105ce, tj. do 30&nbsp;wrze\u015bnia&nbsp;2021. Pozosta\u0142e zmiany dotycz\u0105 m.in.: ujednolicenia stawki wynagrodzenia dla &hellip;<\/p>\n<p class=\"read-more\"> <a class=\"\" href=\"https:\/\/gminachasno.pl\/index.php\/2021\/05\/17\/narodowy-spis-powszechny-ludnosci-i-mieszkan-2021-2\/\"> <span class=\"screen-reader-text\">Narodowy Spis Powszechny Ludno\u015bci i Mieszka\u0144 2021<\/span> Read More &raquo;<\/a><\/p>\n","protected":false},"author":1,"featured_media":782,"comment_status":"closed","ping_status":"closed","sticky":false,"template":"","format":"standard","meta":{"site-sidebar-layout":"default","site-content-layout":"default","ast-global-header-display":"","ast-main-header-display":"","ast-hfb-above-header-display":"","ast-hfb-below-header-display":"","ast-hfb-mobile-header-display":"","site-post-title":"","ast-breadcrumbs-content":"","ast-featured-img":"","footer-sml-layout":"","theme-transparent-header-meta":"default","adv-header-id-meta":"","stick-header-meta":"","header-above-stick-meta":"","header-main-stick-meta":"","header-below-stick-meta":"","footnotes":""},"categories":[1],"tags":[],"class_list":["post-781","post","type-post","status-publish","format-standard","has-post-thumbnail","hentry","category-bez-kategorii"],"_links":{"self":[{"href":"https:\/\/gminachasno.pl\/index.php\/wp-json\/wp\/v2\/posts\/781","targetHints":{"allow":["GET"]}}],"collection":[{"href":"https:\/\/gminachasno.pl\/index.php\/wp-json\/wp\/v2\/posts"}],"about":[{"href":"https:\/\/gminachasno.pl\/index.php\/wp-json\/wp\/v2\/types\/post"}],"author":[{"embeddable":true,"href":"https:\/\/gminachasno.pl\/index.php\/wp-json\/wp\/v2\/users\/1"}],"replies":[{"embeddable":true,"href":"https:\/\/gminachasno.pl\/index.php\/wp-json\/wp\/v2\/comments?post=781"}],"version-history":[{"count":2,"href":"https:\/\/gminachasno.pl\/index.php\/wp-json\/wp\/v2\/posts\/781\/revisions"}],"predecessor-version":[{"id":1437,"href":"https:\/\/gminachasno.pl\/index.php\/wp-json\/wp\/v2\/posts\/781\/revisions\/1437"}],"wp:featuredmedia":[{"embeddable":true,"href":"https:\/\/gminachasno.pl\/index.php\/wp-json\/wp\/v2\/media\/782"}],"wp:attachment":[{"href":"https:\/\/gminachasno.pl\/index.php\/wp-json\/wp\/v2\/media?parent=781"}],"wp:term":[{"taxonomy":"category","embeddable":true,"href":"https:\/\/gminachasno.pl\/index.php\/wp-json\/wp\/v2\/categories?post=781"},{"taxonomy":"post_tag","embeddable":true,"href":"https:\/\/gminachasno.pl\/index.php\/wp-json\/wp\/v2\/tags?post=781"}],"curies":[{"name":"wp","href":"https:\/\/api.w.org\/{rel}","templated":true}]}}