{"id":688,"date":"2021-05-17T04:09:45","date_gmt":"2021-05-17T02:09:45","guid":{"rendered":"http:\/\/it3.home.pl\/gmina_chasno\/?p=688"},"modified":"2021-05-30T00:56:37","modified_gmt":"2021-05-29T22:56:37","slug":"100-lat-pani-stefani-drzewieckiej","status":"publish","type":"post","link":"https:\/\/gminachasno.pl\/index.php\/2021\/05\/17\/100-lat-pani-stefani-drzewieckiej\/","title":{"rendered":"100 lat Pani Stefani Drzewieckiej!"},"content":{"rendered":"\n<p class=\"has-text-align-justify\">18 stycznia 2021 roku pi\u0119kny jubileusz setnych urodzin obchodzi\u0142a mieszkanka Ch\u0105\u015bna Pani Stefania Drzewiecka. Jubilatce \u017cyczymy du\u017co zdrowia, rado\u015bci i pomy\u015blno\u015bci oraz kolejnych lat \u017cycia<\/p>\n\n\n\n<figure class=\"wp-block-gallery columns-3 is-cropped wp-block-gallery-1 is-layout-flex wp-block-gallery-is-layout-flex\"><ul class=\"blocks-gallery-grid\"><li class=\"blocks-gallery-item\"><figure><a href=\"http:\/\/it3.home.pl\/gmina_chasno\/wp-content\/uploads\/2021\/05\/143566216_862121617692165_583287695984553433_n.jpg\"><img loading=\"lazy\" decoding=\"async\" width=\"1024\" height=\"768\" src=\"http:\/\/it3.home.pl\/gmina_chasno\/wp-content\/uploads\/2021\/05\/143566216_862121617692165_583287695984553433_n-1024x768.jpg\" alt=\"\" data-id=\"689\" data-full-url=\"http:\/\/it3.home.pl\/gmina_chasno\/wp-content\/uploads\/2021\/05\/143566216_862121617692165_583287695984553433_n.jpg\" data-link=\"http:\/\/it3.home.pl\/gmina_chasno\/?attachment_id=689\" class=\"wp-image-689\" srcset=\"https:\/\/gminachasno.pl\/wp-content\/uploads\/2021\/05\/143566216_862121617692165_583287695984553433_n-1024x768.jpg 1024w, https:\/\/gminachasno.pl\/wp-content\/uploads\/2021\/05\/143566216_862121617692165_583287695984553433_n-300x225.jpg 300w, https:\/\/gminachasno.pl\/wp-content\/uploads\/2021\/05\/143566216_862121617692165_583287695984553433_n-768x576.jpg 768w, https:\/\/gminachasno.pl\/wp-content\/uploads\/2021\/05\/143566216_862121617692165_583287695984553433_n.jpg 1240w\" sizes=\"auto, (max-width: 1024px) 100vw, 1024px\" \/><\/a><\/figure><\/li><li class=\"blocks-gallery-item\"><figure><a href=\"http:\/\/it3.home.pl\/gmina_chasno\/wp-content\/uploads\/2021\/05\/IMG_20210128_170141-scaled.jpg\"><img loading=\"lazy\" decoding=\"async\" width=\"768\" height=\"1024\" src=\"http:\/\/it3.home.pl\/gmina_chasno\/wp-content\/uploads\/2021\/05\/IMG_20210128_170141-768x1024.jpg\" alt=\"\" data-id=\"690\" data-full-url=\"http:\/\/it3.home.pl\/gmina_chasno\/wp-content\/uploads\/2021\/05\/IMG_20210128_170141-scaled.jpg\" data-link=\"http:\/\/it3.home.pl\/gmina_chasno\/?attachment_id=690\" class=\"wp-image-690\" srcset=\"https:\/\/gminachasno.pl\/wp-content\/uploads\/2021\/05\/IMG_20210128_170141-768x1024.jpg 768w, https:\/\/gminachasno.pl\/wp-content\/uploads\/2021\/05\/IMG_20210128_170141-225x300.jpg 225w, https:\/\/gminachasno.pl\/wp-content\/uploads\/2021\/05\/IMG_20210128_170141-1152x1536.jpg 1152w, https:\/\/gminachasno.pl\/wp-content\/uploads\/2021\/05\/IMG_20210128_170141-1536x2048.jpg 1536w, https:\/\/gminachasno.pl\/wp-content\/uploads\/2021\/05\/IMG_20210128_170141-scaled.jpg 1920w\" sizes=\"auto, (max-width: 768px) 100vw, 768px\" \/><\/a><figcaption class=\"blocks-gallery-item__caption\">dav<\/figcaption><\/figure><\/li><li class=\"blocks-gallery-item\"><figure><a href=\"http:\/\/it3.home.pl\/gmina_chasno\/wp-content\/uploads\/2021\/05\/IMG_8345.jpg\"><img loading=\"lazy\" decoding=\"async\" width=\"480\" height=\"640\" src=\"http:\/\/it3.home.pl\/gmina_chasno\/wp-content\/uploads\/2021\/05\/IMG_8345.jpg\" alt=\"\" data-id=\"691\" data-full-url=\"http:\/\/it3.home.pl\/gmina_chasno\/wp-content\/uploads\/2021\/05\/IMG_8345.jpg\" data-link=\"http:\/\/it3.home.pl\/gmina_chasno\/?attachment_id=691\" class=\"wp-image-691\" srcset=\"https:\/\/gminachasno.pl\/wp-content\/uploads\/2021\/05\/IMG_8345.jpg 480w, https:\/\/gminachasno.pl\/wp-content\/uploads\/2021\/05\/IMG_8345-225x300.jpg 225w\" sizes=\"auto, (max-width: 480px) 100vw, 480px\" \/><\/a><\/figure><\/li><\/ul><\/figure>\n","protected":false},"excerpt":{"rendered":"<p>18 stycznia 2021 roku pi\u0119kny jubileusz setnych urodzin obchodzi\u0142a mieszkanka Ch\u0105\u015bna Pani Stefania Drzewiecka. Jubilatce \u017cyczymy du\u017co zdrowia, rado\u015bci i pomy\u015blno\u015bci oraz kolejnych lat \u017cycia<\/p>\n","protected":false},"author":1,"featured_media":691,"comment_status":"closed","ping_status":"closed","sticky":false,"template":"","format":"standard","meta":{"site-sidebar-layout":"default","site-content-layout":"default","ast-global-header-display":"","ast-main-header-display":"","ast-hfb-above-header-display":"","ast-hfb-below-header-display":"","ast-hfb-mobile-header-display":"","site-post-title":"","ast-breadcrumbs-content":"","ast-featured-img":"","footer-sml-layout":"","theme-transparent-header-meta":"default","adv-header-id-meta":"","stick-header-meta":"","header-above-stick-meta":"","header-main-stick-meta":"","header-below-stick-meta":"","footnotes":""},"categories":[1],"tags":[],"class_list":["post-688","post","type-post","status-publish","format-standard","has-post-thumbnail","hentry","category-bez-kategorii"],"_links":{"self":[{"href":"https:\/\/gminachasno.pl\/index.php\/wp-json\/wp\/v2\/posts\/688","targetHints":{"allow":["GET"]}}],"collection":[{"href":"https:\/\/gminachasno.pl\/index.php\/wp-json\/wp\/v2\/posts"}],"about":[{"href":"https:\/\/gminachasno.pl\/index.php\/wp-json\/wp\/v2\/types\/post"}],"author":[{"embeddable":true,"href":"https:\/\/gminachasno.pl\/index.php\/wp-json\/wp\/v2\/users\/1"}],"replies":[{"embeddable":true,"href":"https:\/\/gminachasno.pl\/index.php\/wp-json\/wp\/v2\/comments?post=688"}],"version-history":[{"count":3,"href":"https:\/\/gminachasno.pl\/index.php\/wp-json\/wp\/v2\/posts\/688\/revisions"}],"predecessor-version":[{"id":1458,"href":"https:\/\/gminachasno.pl\/index.php\/wp-json\/wp\/v2\/posts\/688\/revisions\/1458"}],"wp:featuredmedia":[{"embeddable":true,"href":"https:\/\/gminachasno.pl\/index.php\/wp-json\/wp\/v2\/media\/691"}],"wp:attachment":[{"href":"https:\/\/gminachasno.pl\/index.php\/wp-json\/wp\/v2\/media?parent=688"}],"wp:term":[{"taxonomy":"category","embeddable":true,"href":"https:\/\/gminachasno.pl\/index.php\/wp-json\/wp\/v2\/categories?post=688"},{"taxonomy":"post_tag","embeddable":true,"href":"https:\/\/gminachasno.pl\/index.php\/wp-json\/wp\/v2\/tags?post=688"}],"curies":[{"name":"wp","href":"https:\/\/api.w.org\/{rel}","templated":true}]}}