{"id":6699,"date":"2025-09-25T10:09:14","date_gmt":"2025-09-25T08:09:14","guid":{"rendered":"https:\/\/gminachasno.pl\/?p=6699"},"modified":"2025-09-25T10:11:27","modified_gmt":"2025-09-25T08:11:27","slug":"granty-soleckie-2025","status":"publish","type":"post","link":"https:\/\/gminachasno.pl\/index.php\/2025\/09\/25\/granty-soleckie-2025\/","title":{"rendered":"Granty So\u0142eckie &#8211; 2025"},"content":{"rendered":"\n<figure class=\"wp-block-image aligncenter size-large\"><img loading=\"lazy\" decoding=\"async\" width=\"1024\" height=\"578\" src=\"https:\/\/gminachasno.pl\/wp-content\/uploads\/2025\/09\/Logo_granty-Soleckie_2025-1024x578.png\" alt=\"\" class=\"wp-image-6700\" srcset=\"https:\/\/gminachasno.pl\/wp-content\/uploads\/2025\/09\/Logo_granty-Soleckie_2025-1024x578.png 1024w, https:\/\/gminachasno.pl\/wp-content\/uploads\/2025\/09\/Logo_granty-Soleckie_2025-300x169.png 300w, https:\/\/gminachasno.pl\/wp-content\/uploads\/2025\/09\/Logo_granty-Soleckie_2025-768x433.png 768w, https:\/\/gminachasno.pl\/wp-content\/uploads\/2025\/09\/Logo_granty-Soleckie_2025.png 1200w\" sizes=\"auto, (max-width: 1024px) 100vw, 1024px\" \/><\/figure>\n\n\n\n<p>W dniu 28 lipca 2025 r. Gmina Ch\u0105\u015bno reprezentowana przez W\u00f3jta Dariusza Reczulskiego oraz Skarbnika Ann\u0119 Bieleck\u0105, podpisa\u0142a umow\u0119 z Zarz\u0105dem Wojew\u00f3dztwa \u0141\u00f3dzkiego w sprawie dotacji celowej na realizacj\u0119 projekt\u00f3w w so\u0142ectwach \u201eGranty so\u0142eckie\u201d. Og\u00f3lna kwota dofinansowania wynosi 90.000,00 z\u0142otych.<\/p>\n\n\n\n<p>W ramach zadania dofinansowanie otrzyma\u0142y nast\u0119puj\u0105ce so\u0142ectwa:<\/p>\n\n\n\n<ol class=\"wp-block-list\">\n<li>Ch\u0105\u015bno \u2013 \u201eAktywne So\u0142ectwo: \u015awietlica w dzia\u0142aniu\u201d \u2013 15.000,00 z\u0142,<\/li>\n\n\n\n<li>Karsznice Du\u017ce \u2013 \u201eZakup wyposa\u017cenia do kuchni w budynku OSP\u201d \u2013 15.000,000 z\u0142,<\/li>\n\n\n\n<li>Mastki &#8211; \u201eZakup wyposa\u017cenia \u015bwietlicy wiejskiej w Mastkach\u201d \u2013 15.000,000 z\u0142,<\/li>\n\n\n\n<li>Przemys\u0142\u00f3w \u2013 \u201eZakup wyposa\u017cenia do kuchni w budynku OSP Przemys\u0142\u00f3w\u201d \u2013 15.000,000 z\u0142,<\/li>\n\n\n\n<li>Sier\u017cniki \u2013 \u201eWykonanie prac remontowych w \u015awietlicy wiejskiej w Sier\u017cnikach\u201d,<\/li>\n\n\n\n<li>Wybor\u00f3w \u2013 \u201eZakup wyposa\u017cenia do kuchni wyodr\u0119bnionej dla mieszka\u0144c\u00f3w wsi w budynku OSP w Wyborowie\u201d \u2013 15.000,000 z\u0142.<\/li>\n<\/ol>\n\n\n\n<p>\u201eProjekt finansowany w bud\u017cetu Samorz\u0105du Wojew\u00f3dztwa \u0141\u00f3dzkiego\u201d.<\/p>\n","protected":false},"excerpt":{"rendered":"<p>W dniu 28 lipca 2025 r. Gmina Ch\u0105\u015bno reprezentowana przez W\u00f3jta Dariusza Reczulskiego oraz Skarbnika Ann\u0119 Bieleck\u0105, podpisa\u0142a umow\u0119 z Zarz\u0105dem Wojew\u00f3dztwa \u0141\u00f3dzkiego w sprawie dotacji celowej na realizacj\u0119 projekt\u00f3w w so\u0142ectwach \u201eGranty so\u0142eckie\u201d. Og\u00f3lna kwota dofinansowania wynosi 90.000,00 z\u0142otych. W ramach zadania dofinansowanie otrzyma\u0142y nast\u0119puj\u0105ce so\u0142ectwa: \u201eProjekt finansowany w bud\u017cetu Samorz\u0105du Wojew\u00f3dztwa \u0141\u00f3dzkiego\u201d.<\/p>\n","protected":false},"author":2,"featured_media":6702,"comment_status":"closed","ping_status":"","sticky":false,"template":"","format":"standard","meta":{"site-sidebar-layout":"default","site-content-layout":"default","ast-global-header-display":"","ast-main-header-display":"","ast-hfb-above-header-display":"","ast-hfb-below-header-display":"","ast-hfb-mobile-header-display":"","site-post-title":"","ast-breadcrumbs-content":"","ast-featured-img":"","footer-sml-layout":"","theme-transparent-header-meta":"","adv-header-id-meta":"","stick-header-meta":"","header-above-stick-meta":"","header-main-stick-meta":"","header-below-stick-meta":"","footnotes":""},"categories":[1],"tags":[],"class_list":["post-6699","post","type-post","status-publish","format-standard","has-post-thumbnail","hentry","category-bez-kategorii"],"_links":{"self":[{"href":"https:\/\/gminachasno.pl\/index.php\/wp-json\/wp\/v2\/posts\/6699","targetHints":{"allow":["GET"]}}],"collection":[{"href":"https:\/\/gminachasno.pl\/index.php\/wp-json\/wp\/v2\/posts"}],"about":[{"href":"https:\/\/gminachasno.pl\/index.php\/wp-json\/wp\/v2\/types\/post"}],"author":[{"embeddable":true,"href":"https:\/\/gminachasno.pl\/index.php\/wp-json\/wp\/v2\/users\/2"}],"replies":[{"embeddable":true,"href":"https:\/\/gminachasno.pl\/index.php\/wp-json\/wp\/v2\/comments?post=6699"}],"version-history":[{"count":1,"href":"https:\/\/gminachasno.pl\/index.php\/wp-json\/wp\/v2\/posts\/6699\/revisions"}],"predecessor-version":[{"id":6701,"href":"https:\/\/gminachasno.pl\/index.php\/wp-json\/wp\/v2\/posts\/6699\/revisions\/6701"}],"wp:featuredmedia":[{"embeddable":true,"href":"https:\/\/gminachasno.pl\/index.php\/wp-json\/wp\/v2\/media\/6702"}],"wp:attachment":[{"href":"https:\/\/gminachasno.pl\/index.php\/wp-json\/wp\/v2\/media?parent=6699"}],"wp:term":[{"taxonomy":"category","embeddable":true,"href":"https:\/\/gminachasno.pl\/index.php\/wp-json\/wp\/v2\/categories?post=6699"},{"taxonomy":"post_tag","embeddable":true,"href":"https:\/\/gminachasno.pl\/index.php\/wp-json\/wp\/v2\/tags?post=6699"}],"curies":[{"name":"wp","href":"https:\/\/api.w.org\/{rel}","templated":true}]}}