{"id":6692,"date":"2025-09-25T09:53:16","date_gmt":"2025-09-25T07:53:16","guid":{"rendered":"https:\/\/gminachasno.pl\/?p=6692"},"modified":"2025-09-25T10:03:19","modified_gmt":"2025-09-25T08:03:19","slug":"aktywny-maluch-2022-2029","status":"publish","type":"post","link":"https:\/\/gminachasno.pl\/index.php\/2025\/09\/25\/aktywny-maluch-2022-2029\/","title":{"rendered":"Aktywny Maluch 2022-2029"},"content":{"rendered":"\n<figure class=\"wp-block-image aligncenter size-full\"><img loading=\"lazy\" decoding=\"async\" width=\"827\" height=\"93\" src=\"https:\/\/gminachasno.pl\/wp-content\/uploads\/2025\/09\/obraz-3.png\" alt=\"\" class=\"wp-image-6693\" srcset=\"https:\/\/gminachasno.pl\/wp-content\/uploads\/2025\/09\/obraz-3.png 827w, https:\/\/gminachasno.pl\/wp-content\/uploads\/2025\/09\/obraz-3-300x34.png 300w, https:\/\/gminachasno.pl\/wp-content\/uploads\/2025\/09\/obraz-3-768x86.png 768w\" sizes=\"auto, (max-width: 827px) 100vw, 827px\" \/><\/figure>\n\n\n\n<p class=\"has-text-align-center\"><strong>Dofinansowane przez Uni\u0119 Europejsk\u0105 \u2013 NextGenerationEU<\/strong><\/p>\n\n\n\n<p class=\"has-text-align-center\"><strong><em>Gmina Ch\u0105\u015bno informuje, \u017ce realizuje zadanie : \u201eDofinansowanie \u017c\u0142obka z&nbsp;programu Aktywny Maluch 2022-2029\u201d<\/em><\/strong><\/p>\n\n\n\n<p><em>Zadanie polegaj\u0105ce na utworzeniu<\/em><em> 24 nowych miejsc opieki w ramach programu Aktywny Maluch 2022-2029 w \u017b\u0142obku Gminnym w Ch\u0105\u015bnie Drugim 44A\u201d<\/em><em>&nbsp;zosta\u0142o dofinansowane z&nbsp;Krajowego Planu Odbudowy i&nbsp;Zwi\u0119kszenia Odporno\u015bci. Polega ono na utworzeniu \u017c\u0142obka z 24 nowymi miejscami opieki nad dzie\u0107mi w&nbsp;wieku do 3 lat <\/em>i dofinansowanie funkcjonowania tych miejsc w okresie 36 miesi\u0119cy,<em> poprzez adaptacj\u0119 budynku po Gminnym Domu Kultury i Biblioteki Publicznej w Ch\u0105\u015bnie Drugim, zgodnie z&nbsp;zasadami uniwersalnego projektowania, tj. dostosowanie budynku do potrzeb dzieci (w tym z&nbsp;niepe\u0142nosprawno\u015bci\u0105), do wymog\u00f3w budowlanych, sanitarno \u2013 higienicznych, bezpiecze\u0144stwa przeciwpo\u017carowego, organizacji, rozdzielni, pomieszcze\u0144 socjalnych, szatni.<\/em><\/p>\n\n\n\n<p><em>W wyniku realizacji zadania powstan\u0105 m.in.: sala zabawowo-wypoczynkowa, pomieszczenia sanitarne, rozdzielnia posi\u0142k\u00f3w, szatnia, pomieszczenie socjalne, \u0142azienka wraz z WC przy oddziale \u017c\u0142obka oraz pomieszczenie porz\u0105dkowe i&nbsp;gospodarcze. &nbsp;&nbsp;&nbsp;&nbsp;&nbsp;<\/em><\/p>\n\n\n\n<p><em>Nowo powsta\u0142y \u017c\u0142obek b\u0119dzie posiada\u0142 niezb\u0119dne wyposa\u017cenie m.in.: stoliki, krzes\u0142a, krzese\u0142ka do karmienia, szafy, le\u017caczki, po\u015bciel, w\u00f3zki, nocniki, rega\u0142y, zabawki, pomoce dydaktyczne oraz kosze.<\/em><\/p>\n\n\n\n<p><em>Teren wok\u00f3\u0142 budynku zostanie odpowiednio dostosowany.<\/em><\/p>\n\n\n\n<p><em>Nad prawid\u0142ow\u0105 realizacj\u0105 prac b\u0119dzie sprawowa\u0142 nadz\u00f3r Inspektor Nadzoru Inwestorskiego.<\/em><\/p>\n\n\n\n<p><em>Grup\u0105 docelow\u0105 projektu s\u0105: dzieci, w\u00a0tym dzieci z\u00a0niepe\u0142nosprawno\u015bciami lub wymagaj\u0105ce szczeg\u00f3lnej opieki, do uko\u0144czenia roku szkolnego, w\u00a0kt\u00f3rym dziecko uko\u0144czy 3 rok \u017cycia lub d\u0142u\u017cej, zgodnie z\u00a0ustaw\u0105 z\u00a0dnia 4 lutego 2011 r. o\u00a0opiece nad dzie\u0107mi w\u00a0wieku\u00a0do lat 3.<\/em><\/p>\n\n\n\n<p><em>Warto\u015b\u0107 zadania: <strong>1 698&nbsp;226,56<\/strong> <strong>z\u0142<\/strong><\/em><\/p>\n\n\n\n<p><em>Warto\u015b\u0107 dofinansowania z&nbsp;UE <strong>1&nbsp;380&nbsp;672,00<\/strong> <strong>z\u0142<\/strong><\/em><\/p>\n\n\n\n<p><em>#FunduszeEuropejskie, #NextGenerationEU<\/em><\/p>\n\n\n\n<p><\/p>\n","protected":false},"excerpt":{"rendered":"<p>Dofinansowane przez Uni\u0119 Europejsk\u0105 \u2013 NextGenerationEU Gmina Ch\u0105\u015bno informuje, \u017ce realizuje zadanie : \u201eDofinansowanie \u017c\u0142obka z&nbsp;programu Aktywny Maluch 2022-2029\u201d Zadanie polegaj\u0105ce na utworzeniu 24 nowych miejsc opieki w ramach programu Aktywny Maluch 2022-2029 w \u017b\u0142obku Gminnym w Ch\u0105\u015bnie Drugim 44A\u201d&nbsp;zosta\u0142o dofinansowane z&nbsp;Krajowego Planu Odbudowy i&nbsp;Zwi\u0119kszenia Odporno\u015bci. Polega ono na utworzeniu \u017c\u0142obka z 24 nowymi miejscami &hellip;<\/p>\n<p class=\"read-more\"> <a class=\"\" href=\"https:\/\/gminachasno.pl\/index.php\/2025\/09\/25\/aktywny-maluch-2022-2029\/\"> <span class=\"screen-reader-text\">Aktywny Maluch 2022-2029<\/span> Read More &raquo;<\/a><\/p>\n","protected":false},"author":2,"featured_media":6697,"comment_status":"closed","ping_status":"","sticky":false,"template":"","format":"standard","meta":{"site-sidebar-layout":"default","site-content-layout":"default","ast-global-header-display":"","ast-main-header-display":"","ast-hfb-above-header-display":"","ast-hfb-below-header-display":"","ast-hfb-mobile-header-display":"","site-post-title":"","ast-breadcrumbs-content":"","ast-featured-img":"","footer-sml-layout":"","theme-transparent-header-meta":"","adv-header-id-meta":"","stick-header-meta":"","header-above-stick-meta":"","header-main-stick-meta":"","header-below-stick-meta":"","footnotes":""},"categories":[1],"tags":[],"class_list":["post-6692","post","type-post","status-publish","format-standard","has-post-thumbnail","hentry","category-bez-kategorii"],"_links":{"self":[{"href":"https:\/\/gminachasno.pl\/index.php\/wp-json\/wp\/v2\/posts\/6692","targetHints":{"allow":["GET"]}}],"collection":[{"href":"https:\/\/gminachasno.pl\/index.php\/wp-json\/wp\/v2\/posts"}],"about":[{"href":"https:\/\/gminachasno.pl\/index.php\/wp-json\/wp\/v2\/types\/post"}],"author":[{"embeddable":true,"href":"https:\/\/gminachasno.pl\/index.php\/wp-json\/wp\/v2\/users\/2"}],"replies":[{"embeddable":true,"href":"https:\/\/gminachasno.pl\/index.php\/wp-json\/wp\/v2\/comments?post=6692"}],"version-history":[{"count":1,"href":"https:\/\/gminachasno.pl\/index.php\/wp-json\/wp\/v2\/posts\/6692\/revisions"}],"predecessor-version":[{"id":6694,"href":"https:\/\/gminachasno.pl\/index.php\/wp-json\/wp\/v2\/posts\/6692\/revisions\/6694"}],"wp:featuredmedia":[{"embeddable":true,"href":"https:\/\/gminachasno.pl\/index.php\/wp-json\/wp\/v2\/media\/6697"}],"wp:attachment":[{"href":"https:\/\/gminachasno.pl\/index.php\/wp-json\/wp\/v2\/media?parent=6692"}],"wp:term":[{"taxonomy":"category","embeddable":true,"href":"https:\/\/gminachasno.pl\/index.php\/wp-json\/wp\/v2\/categories?post=6692"},{"taxonomy":"post_tag","embeddable":true,"href":"https:\/\/gminachasno.pl\/index.php\/wp-json\/wp\/v2\/tags?post=6692"}],"curies":[{"name":"wp","href":"https:\/\/api.w.org\/{rel}","templated":true}]}}