{"id":6624,"date":"2025-09-15T08:54:03","date_gmt":"2025-09-15T06:54:03","guid":{"rendered":"https:\/\/gminachasno.pl\/?p=6624"},"modified":"2025-09-15T08:54:40","modified_gmt":"2025-09-15T06:54:40","slug":"korpus-wsparcia-seniorow","status":"publish","type":"post","link":"https:\/\/gminachasno.pl\/index.php\/2025\/09\/15\/korpus-wsparcia-seniorow\/","title":{"rendered":"KORPUS WSPARCIA SENIOR\u00d3W"},"content":{"rendered":"\n<p><strong>GMINA CH\u0104\u015aNO<\/strong> <strong>REALIZUJE PROGRAM<\/strong> <strong>\u201eKORPUS WSPARCIA SENIOR\u00d3W&#8221; 2025 r.<\/strong><\/p>\n\n\n\n<p>Adresatami programu \u201e Korpus Wsparcia Senior\u00f3w \u201e 2025 r. s\u0105 osoby w wieku 60 lat i wi\u0119cej, kt\u00f3re maja problemy z samodzielnym funkcjonowaniem.<\/p>\n\n\n\n<p>Program zak\u0142ada realizacj\u0119 Modu\u0142 I, kt\u00f3rego celem jest wsparcie finansowe Gminy Ch\u0105\u015bno w zakresie organizowania us\u0142ug opieku\u0144czych \u015bwiadczonych w formie us\u0142ug s\u0105siedzkich.<\/p>\n\n\n\n<p>Potrzebujesz pomocy s\u0105siedzkiej ?<\/p>\n\n\n\n<p class=\"has-medium-font-size\"><strong>Zg\u0142o\u015b swoj\u0105 potrzeb\u0119 do Gminnego O\u015brodka Pomocy Spo\u0142ecznej w Ch\u0105\u015bnie, telefon (46) 838 14 25, (46) 838 14 23<\/strong><\/p>\n\n\n\n<figure class=\"wp-block-image alignfull size-full\"><img loading=\"lazy\" decoding=\"async\" width=\"785\" height=\"945\" src=\"https:\/\/gminachasno.pl\/wp-content\/uploads\/2025\/09\/PLAKAT.jpg\" alt=\"\" class=\"wp-image-6625\" srcset=\"https:\/\/gminachasno.pl\/wp-content\/uploads\/2025\/09\/PLAKAT.jpg 785w, https:\/\/gminachasno.pl\/wp-content\/uploads\/2025\/09\/PLAKAT-249x300.jpg 249w, https:\/\/gminachasno.pl\/wp-content\/uploads\/2025\/09\/PLAKAT-768x925.jpg 768w\" sizes=\"auto, (max-width: 785px) 100vw, 785px\" \/><\/figure>\n","protected":false},"excerpt":{"rendered":"<p>GMINA CH\u0104\u015aNO REALIZUJE PROGRAM \u201eKORPUS WSPARCIA SENIOR\u00d3W&#8221; 2025 r. Adresatami programu \u201e Korpus Wsparcia Senior\u00f3w \u201e 2025 r. s\u0105 osoby w wieku 60 lat i wi\u0119cej, kt\u00f3re maja problemy z samodzielnym funkcjonowaniem. Program zak\u0142ada realizacj\u0119 Modu\u0142 I, kt\u00f3rego celem jest wsparcie finansowe Gminy Ch\u0105\u015bno w zakresie organizowania us\u0142ug opieku\u0144czych \u015bwiadczonych w formie us\u0142ug s\u0105siedzkich. Potrzebujesz &hellip;<\/p>\n<p class=\"read-more\"> <a class=\"\" href=\"https:\/\/gminachasno.pl\/index.php\/2025\/09\/15\/korpus-wsparcia-seniorow\/\"> <span class=\"screen-reader-text\">KORPUS WSPARCIA SENIOR\u00d3W<\/span> Read More &raquo;<\/a><\/p>\n","protected":false},"author":2,"featured_media":6627,"comment_status":"closed","ping_status":"","sticky":false,"template":"","format":"standard","meta":{"site-sidebar-layout":"default","site-content-layout":"default","ast-global-header-display":"","ast-main-header-display":"","ast-hfb-above-header-display":"","ast-hfb-below-header-display":"","ast-hfb-mobile-header-display":"","site-post-title":"","ast-breadcrumbs-content":"","ast-featured-img":"","footer-sml-layout":"","theme-transparent-header-meta":"","adv-header-id-meta":"","stick-header-meta":"","header-above-stick-meta":"","header-main-stick-meta":"","header-below-stick-meta":"","footnotes":""},"categories":[1],"tags":[],"class_list":["post-6624","post","type-post","status-publish","format-standard","has-post-thumbnail","hentry","category-bez-kategorii"],"_links":{"self":[{"href":"https:\/\/gminachasno.pl\/index.php\/wp-json\/wp\/v2\/posts\/6624","targetHints":{"allow":["GET"]}}],"collection":[{"href":"https:\/\/gminachasno.pl\/index.php\/wp-json\/wp\/v2\/posts"}],"about":[{"href":"https:\/\/gminachasno.pl\/index.php\/wp-json\/wp\/v2\/types\/post"}],"author":[{"embeddable":true,"href":"https:\/\/gminachasno.pl\/index.php\/wp-json\/wp\/v2\/users\/2"}],"replies":[{"embeddable":true,"href":"https:\/\/gminachasno.pl\/index.php\/wp-json\/wp\/v2\/comments?post=6624"}],"version-history":[{"count":1,"href":"https:\/\/gminachasno.pl\/index.php\/wp-json\/wp\/v2\/posts\/6624\/revisions"}],"predecessor-version":[{"id":6626,"href":"https:\/\/gminachasno.pl\/index.php\/wp-json\/wp\/v2\/posts\/6624\/revisions\/6626"}],"wp:featuredmedia":[{"embeddable":true,"href":"https:\/\/gminachasno.pl\/index.php\/wp-json\/wp\/v2\/media\/6627"}],"wp:attachment":[{"href":"https:\/\/gminachasno.pl\/index.php\/wp-json\/wp\/v2\/media?parent=6624"}],"wp:term":[{"taxonomy":"category","embeddable":true,"href":"https:\/\/gminachasno.pl\/index.php\/wp-json\/wp\/v2\/categories?post=6624"},{"taxonomy":"post_tag","embeddable":true,"href":"https:\/\/gminachasno.pl\/index.php\/wp-json\/wp\/v2\/tags?post=6624"}],"curies":[{"name":"wp","href":"https:\/\/api.w.org\/{rel}","templated":true}]}}