{"id":6599,"date":"2025-09-09T09:32:41","date_gmt":"2025-09-09T07:32:41","guid":{"rendered":"https:\/\/gminachasno.pl\/?p=6599"},"modified":"2025-09-09T09:36:19","modified_gmt":"2025-09-09T07:36:19","slug":"budowa-systemu-ochrony-zdrowia-psychicznego-dzieci-i-mlodziezy","status":"publish","type":"post","link":"https:\/\/gminachasno.pl\/index.php\/2025\/09\/09\/budowa-systemu-ochrony-zdrowia-psychicznego-dzieci-i-mlodziezy\/","title":{"rendered":"Budowa systemu ochrony zdrowia psychicznego dzieci i m\u0142odzie\u017cy"},"content":{"rendered":"\n<p><strong>W zwi\u0105zku z pismem Rzecznika Praw Dziecka, Pani Moniki Horny-Cie\u015blak, skierowanym do Wojewod\u00f3w w sprawie rozpowszechnienia wiedzy na temat form bezp\u0142atnego, specjalistycznego wsparcia w zakresie zdrowia psychicznego dzieci i m\u0142odzie\u017cy, poni\u017cej przedstawiamy informacje dotycz\u0105ce struktury systemu opieki zdrowia psychicznego dzieci i m\u0142odzie\u017cy oraz miejsc, w kt\u00f3rych mog\u0105 one uzyska\u0107 bezp\u0142atn\u0105 pomoc w sytuacji kryzysu emocjonalnego.<\/strong><\/p>\n\n\n\n<p><strong>W za\u0142\u0105czeniu przekazujemy plik pn. \u201eBudowa systemu ochrony zdrowia psychicznego dzieci i m\u0142odzie\u017cy\u201d, zawieraj\u0105cy najistotniejsze dane oraz wykaz \u015bwiadczeniodawc\u00f3w na poszczeg\u00f3lnych poziomach systemu, udzielaj\u0105cych bezp\u0142atnych \u015bwiadcze\u0144 gwarantowanych w ramach um\u00f3w zawartych z \u0141\u00f3dzkim Oddzia\u0142em Wojew\u00f3dzkim Narodowego Funduszu Zdrowia.<\/strong><\/p>\n\n\n\n<div data-wp-interactive=\"core\/file\" class=\"wp-block-file\"><object data-wp-bind--hidden=\"!state.hasPdfPreview\" hidden class=\"wp-block-file__embed\" data=\"https:\/\/gminachasno.pl\/wp-content\/uploads\/2025\/09\/Budowa-systemu-ochrony-zdrowia-psychicznego-dzieci-i-mlodziezy-wykaz-placowek.pdf\" type=\"application\/pdf\" style=\"width:100%;height:1060px\" aria-label=\"Osadzone z Budowa systemu ochrony zdrowia psychicznego dzieci i m\u0142odzie\u017cy wykaz plac\u00f3wek.\"><\/object><a id=\"wp-block-file--media-1f13dcaa-ffa7-45bd-a645-dd3f8348ed0b\" href=\"https:\/\/gminachasno.pl\/wp-content\/uploads\/2025\/09\/Budowa-systemu-ochrony-zdrowia-psychicznego-dzieci-i-mlodziezy-wykaz-placowek.pdf\">Budowa systemu ochrony zdrowia psychicznego dzieci i m\u0142odzie\u017cy wykaz plac\u00f3wek<\/a><a href=\"https:\/\/gminachasno.pl\/wp-content\/uploads\/2025\/09\/Budowa-systemu-ochrony-zdrowia-psychicznego-dzieci-i-mlodziezy-wykaz-placowek.pdf\" class=\"wp-block-file__button wp-element-button\" download aria-describedby=\"wp-block-file--media-1f13dcaa-ffa7-45bd-a645-dd3f8348ed0b\">Pobierz<\/a><\/div>\n","protected":false},"excerpt":{"rendered":"<p>W zwi\u0105zku z pismem Rzecznika Praw Dziecka, Pani Moniki Horny-Cie\u015blak, skierowanym do Wojewod\u00f3w w sprawie rozpowszechnienia wiedzy na temat form bezp\u0142atnego, specjalistycznego wsparcia w zakresie zdrowia psychicznego dzieci i m\u0142odzie\u017cy, poni\u017cej przedstawiamy informacje dotycz\u0105ce struktury systemu opieki zdrowia psychicznego dzieci i m\u0142odzie\u017cy oraz miejsc, w kt\u00f3rych mog\u0105 one uzyska\u0107 bezp\u0142atn\u0105 pomoc w sytuacji kryzysu emocjonalnego. &hellip;<\/p>\n<p class=\"read-more\"> <a class=\"\" href=\"https:\/\/gminachasno.pl\/index.php\/2025\/09\/09\/budowa-systemu-ochrony-zdrowia-psychicznego-dzieci-i-mlodziezy\/\"> <span class=\"screen-reader-text\">Budowa systemu ochrony zdrowia psychicznego dzieci i m\u0142odzie\u017cy<\/span> Read More &raquo;<\/a><\/p>\n","protected":false},"author":2,"featured_media":6603,"comment_status":"closed","ping_status":"","sticky":false,"template":"","format":"standard","meta":{"site-sidebar-layout":"default","site-content-layout":"default","ast-global-header-display":"","ast-main-header-display":"","ast-hfb-above-header-display":"","ast-hfb-below-header-display":"","ast-hfb-mobile-header-display":"","site-post-title":"","ast-breadcrumbs-content":"","ast-featured-img":"","footer-sml-layout":"","theme-transparent-header-meta":"","adv-header-id-meta":"","stick-header-meta":"","header-above-stick-meta":"","header-main-stick-meta":"","header-below-stick-meta":"","footnotes":""},"categories":[1],"tags":[],"class_list":["post-6599","post","type-post","status-publish","format-standard","has-post-thumbnail","hentry","category-bez-kategorii"],"_links":{"self":[{"href":"https:\/\/gminachasno.pl\/index.php\/wp-json\/wp\/v2\/posts\/6599","targetHints":{"allow":["GET"]}}],"collection":[{"href":"https:\/\/gminachasno.pl\/index.php\/wp-json\/wp\/v2\/posts"}],"about":[{"href":"https:\/\/gminachasno.pl\/index.php\/wp-json\/wp\/v2\/types\/post"}],"author":[{"embeddable":true,"href":"https:\/\/gminachasno.pl\/index.php\/wp-json\/wp\/v2\/users\/2"}],"replies":[{"embeddable":true,"href":"https:\/\/gminachasno.pl\/index.php\/wp-json\/wp\/v2\/comments?post=6599"}],"version-history":[{"count":1,"href":"https:\/\/gminachasno.pl\/index.php\/wp-json\/wp\/v2\/posts\/6599\/revisions"}],"predecessor-version":[{"id":6602,"href":"https:\/\/gminachasno.pl\/index.php\/wp-json\/wp\/v2\/posts\/6599\/revisions\/6602"}],"wp:featuredmedia":[{"embeddable":true,"href":"https:\/\/gminachasno.pl\/index.php\/wp-json\/wp\/v2\/media\/6603"}],"wp:attachment":[{"href":"https:\/\/gminachasno.pl\/index.php\/wp-json\/wp\/v2\/media?parent=6599"}],"wp:term":[{"taxonomy":"category","embeddable":true,"href":"https:\/\/gminachasno.pl\/index.php\/wp-json\/wp\/v2\/categories?post=6599"},{"taxonomy":"post_tag","embeddable":true,"href":"https:\/\/gminachasno.pl\/index.php\/wp-json\/wp\/v2\/tags?post=6599"}],"curies":[{"name":"wp","href":"https:\/\/api.w.org\/{rel}","templated":true}]}}