{"id":6577,"date":"2025-08-25T13:21:41","date_gmt":"2025-08-25T11:21:41","guid":{"rendered":"https:\/\/gminachasno.pl\/?p=6577"},"modified":"2026-01-19T11:56:13","modified_gmt":"2026-01-19T10:56:13","slug":"wymiana-dachu-i-modernizacja-domu-ludowego-w-golensku","status":"publish","type":"post","link":"https:\/\/gminachasno.pl\/index.php\/2025\/08\/25\/wymiana-dachu-i-modernizacja-domu-ludowego-w-golensku\/","title":{"rendered":"Nasze \u015bwietlice so\u0142eckie"},"content":{"rendered":"\n<figure class=\"wp-block-image aligncenter size-large\"><img loading=\"lazy\" decoding=\"async\" width=\"1024\" height=\"687\" src=\"https:\/\/gminachasno.pl\/wp-content\/uploads\/2025\/08\/tablica-1024x687.jpg\" alt=\"\" class=\"wp-image-6852\" srcset=\"https:\/\/gminachasno.pl\/wp-content\/uploads\/2025\/08\/tablica-1024x687.jpg 1024w, https:\/\/gminachasno.pl\/wp-content\/uploads\/2025\/08\/tablica-300x201.jpg 300w, https:\/\/gminachasno.pl\/wp-content\/uploads\/2025\/08\/tablica-768x515.jpg 768w, https:\/\/gminachasno.pl\/wp-content\/uploads\/2025\/08\/tablica.jpg 1276w\" sizes=\"auto, (max-width: 1024px) 100vw, 1024px\" \/><\/figure>\n\n\n\n<p>Gmina Ch\u0105\u015bno realizuje projekt pn. <strong>\u201eWymiana pokrycia dachowego i cz\u0119\u015bci stolarki oraz naprawa balkonu budynku Domu Ludowego w Gole\u0144sku\u201d<\/strong>.<br>Inwestycja obejmuje kompleksow\u0105 wymian\u0119 dachu, modernizacj\u0119 wybranych element\u00f3w stolarki budowlanej oraz napraw\u0119 balkonu, co znacz\u0105co poprawi stan techniczny i estetyk\u0119 obiektu.<\/p>\n\n\n\n<p>Ca\u0142kowita warto\u015b\u0107 projektu wynosi <strong>202.067,00 z\u0142<\/strong>, z czego <strong>200 000,00 z\u0142<\/strong> stanowi dofinansowanie w formie dotacji celowej z bud\u017cetu <strong>Samorz\u0105du Wojew\u00f3dztwa \u0141\u00f3dzkiego<\/strong> w ramach programu \u201eNasze \u015bwietlice so\u0142eckie\u201d.<\/p>\n\n\n\n<p>Realizacja zadania przyczyni si\u0119 do poprawy warunk\u00f3w korzystania z Domu Ludowego, kt\u00f3ry pe\u0142ni wa\u017cn\u0105 funkcj\u0119 integracyjn\u0105 i kulturaln\u0105 w \u017cyciu mieszka\u0144c\u00f3w so\u0142ectwa Gole\u0144sko.<\/p>\n\n\n\n<p><strong>Projekt finansowany z bud\u017cetu Samorz\u0105du Wojew\u00f3dztwa \u0141\u00f3dzkiego<\/strong><\/p>\n\n\n\n<p><\/p>\n","protected":false},"excerpt":{"rendered":"<p>Gmina Ch\u0105\u015bno realizuje projekt pn. \u201eWymiana pokrycia dachowego i cz\u0119\u015bci stolarki oraz naprawa balkonu budynku Domu Ludowego w Gole\u0144sku\u201d.Inwestycja obejmuje kompleksow\u0105 wymian\u0119 dachu, modernizacj\u0119 wybranych element\u00f3w stolarki budowlanej oraz napraw\u0119 balkonu, co znacz\u0105co poprawi stan techniczny i estetyk\u0119 obiektu. Ca\u0142kowita warto\u015b\u0107 projektu wynosi 202.067,00 z\u0142, z czego 200 000,00 z\u0142 stanowi dofinansowanie w formie dotacji &hellip;<\/p>\n<p class=\"read-more\"> <a class=\"\" href=\"https:\/\/gminachasno.pl\/index.php\/2025\/08\/25\/wymiana-dachu-i-modernizacja-domu-ludowego-w-golensku\/\"> <span class=\"screen-reader-text\">Nasze \u015bwietlice so\u0142eckie<\/span> Read More &raquo;<\/a><\/p>\n","protected":false},"author":2,"featured_media":6579,"comment_status":"closed","ping_status":"","sticky":false,"template":"","format":"standard","meta":{"site-sidebar-layout":"default","site-content-layout":"default","ast-global-header-display":"","ast-main-header-display":"","ast-hfb-above-header-display":"","ast-hfb-below-header-display":"","ast-hfb-mobile-header-display":"","site-post-title":"","ast-breadcrumbs-content":"","ast-featured-img":"","footer-sml-layout":"","theme-transparent-header-meta":"","adv-header-id-meta":"","stick-header-meta":"","header-above-stick-meta":"","header-main-stick-meta":"","header-below-stick-meta":"","footnotes":""},"categories":[1],"tags":[],"class_list":["post-6577","post","type-post","status-publish","format-standard","has-post-thumbnail","hentry","category-bez-kategorii"],"_links":{"self":[{"href":"https:\/\/gminachasno.pl\/index.php\/wp-json\/wp\/v2\/posts\/6577","targetHints":{"allow":["GET"]}}],"collection":[{"href":"https:\/\/gminachasno.pl\/index.php\/wp-json\/wp\/v2\/posts"}],"about":[{"href":"https:\/\/gminachasno.pl\/index.php\/wp-json\/wp\/v2\/types\/post"}],"author":[{"embeddable":true,"href":"https:\/\/gminachasno.pl\/index.php\/wp-json\/wp\/v2\/users\/2"}],"replies":[{"embeddable":true,"href":"https:\/\/gminachasno.pl\/index.php\/wp-json\/wp\/v2\/comments?post=6577"}],"version-history":[{"count":4,"href":"https:\/\/gminachasno.pl\/index.php\/wp-json\/wp\/v2\/posts\/6577\/revisions"}],"predecessor-version":[{"id":6854,"href":"https:\/\/gminachasno.pl\/index.php\/wp-json\/wp\/v2\/posts\/6577\/revisions\/6854"}],"wp:featuredmedia":[{"embeddable":true,"href":"https:\/\/gminachasno.pl\/index.php\/wp-json\/wp\/v2\/media\/6579"}],"wp:attachment":[{"href":"https:\/\/gminachasno.pl\/index.php\/wp-json\/wp\/v2\/media?parent=6577"}],"wp:term":[{"taxonomy":"category","embeddable":true,"href":"https:\/\/gminachasno.pl\/index.php\/wp-json\/wp\/v2\/categories?post=6577"},{"taxonomy":"post_tag","embeddable":true,"href":"https:\/\/gminachasno.pl\/index.php\/wp-json\/wp\/v2\/tags?post=6577"}],"curies":[{"name":"wp","href":"https:\/\/api.w.org\/{rel}","templated":true}]}}