{"id":3699,"date":"2023-07-27T09:02:15","date_gmt":"2023-07-27T07:02:15","guid":{"rendered":"https:\/\/gminachasno.pl\/?p=3699"},"modified":"2023-07-27T09:02:15","modified_gmt":"2023-07-27T07:02:15","slug":"targi-sadownictwa-i-warzywnictwa-w-halach-targow-kielce-17-18-stycznia-2024-roku","status":"publish","type":"post","link":"https:\/\/gminachasno.pl\/index.php\/2023\/07\/27\/targi-sadownictwa-i-warzywnictwa-w-halach-targow-kielce-17-18-stycznia-2024-roku\/","title":{"rendered":"Targi Sadownictwa i Warzywnictwa w halach Targ\u00f3w Kielce 17\u201318 stycznia 2024 roku"},"content":{"rendered":"\n<p><\/p>\n\n\n\n<p>Targi Sadownictwa i Warzywnictwa, organizowane przez Oficyn\u0119 Wydawnicz\u0105 Oikos, w styczniu 2023 roku po raz pierwszy odby\u0142y si\u0119 na terenie Targ\u00f3w Kielce. Trzynasta edycja zosta\u0142a przeniesiona do Kielc z o\u015brodka w Nadarzynie ko\u0142o Warszawy, co okaza\u0142o si\u0119 strza\u0142em w dziesi\u0105tk\u0119. Swoj\u0105 ofert\u0119 zaprezentowa\u0142o 311 firm, w tym 50 zagranicznych z 15 kraj\u00f3w, m.in. z Holandii, W\u0142och, Belgii, Francji, ze Szwajcarii, z Meksyku, Austrii i Luksemburga. Zapozna\u0142o si\u0119 z ni\u0105 blisko 12,5 tysi\u0105ca zwiedzaj\u0105cych, a wi\u0119c rekordowa liczba na tle wszystkich poprzednich edycji. Wystawcy byli zadowoleni z licznych odwiedzin, ale chwalili te\u017c przestrze\u0144 i komfortowe warunki. Wielu ju\u017c wtedy zarezerwowa\u0142o powierzchni\u0119 na kolejn\u0105 ods\u0142on\u0119 TSW w 2024 roku. Ta za\u015b zapowiada si\u0119 imponuj\u0105co i nabiera jeszcze wi\u0119kszego rozmachu.<\/p>\n\n\n\n<p><strong>Najnowsze technologie dla producent\u00f3w owoc\u00f3w i warzyw<\/strong><\/p>\n\n\n\n<p>Hale Targ\u00f3w Kielce 17 i 18 stycznia 2024 roku wype\u0142ni\u0105 si\u0119 najnowocze\u015bniejszymi i ju\u017c ciesz\u0105cymi si\u0119 uznaniem maszynami i urz\u0105dzeniami do prac w uprawach warzyw i owoc\u00f3w. Pojawi\u0105 si\u0119 kombajny, sadzarki, sprz\u0119ty usprawniaj\u0105ce zbi\u00f3r czy maszyny do pielenia i usuwania zb\u0119dnych ga\u0142\u0119zi. Wa\u017cne miejsce zajm\u0105 opryskiwacze dostosowane do pracy mi\u0119dzy rz\u0119dami drzew i krzew\u00f3w, w kt\u00f3rych zastosowano rozwi\u0105zania s\u0142u\u017c\u0105ce oszcz\u0119dzaniu cieczy roboczej. Nie zabraknie te\u017c ogrodniczych nowinek technicznych &nbsp;\u2013 maszyn autonomicznych. Z nowo\u015bciami przygotowanymi na kolejny sezon b\u0119dzie mo\u017cna si\u0119 zapozna\u0107 na specjalnie przygotowanych dw\u00f3ch poletkach pokazowych:&nbsp; sadowniczym i jagodowym, co jest novum na TSW. Kolejn\u0105 nowo\u015bci\u0105 b\u0119dzie strefa zaj\u0119ta przez rozwi\u0105zania korzystaj\u0105ce z odnawialnych \u017ar\u00f3de\u0142 energii wykorzystywanych w ogrodnictwie.<\/p>\n\n\n\n<p>Niezwykle istotne dla plantator\u00f3w warzyw i owoc\u00f3w s\u0105 nawozy, \u015brodki ochrony, kwasy humusowe, a tak\u017ce sadzonki i nasiona, na TSW ogrodnicy b\u0119d\u0105 mogli uzyska\u0107 wszelkie informacje o najnowszych i najskuteczniejszych tego rodzaju produktach.<\/p>\n\n\n\n<p><strong>Kongres z bran\u017cowymi konferencjami<\/strong><\/p>\n\n\n\n<p>Wieloletni\u0105 tradycj\u0105 TSW s\u0105 konferencje bran\u017cowe. W ubieg\u0142ym roku prelekcje i panele dyskusyjne cieszy\u0142y si\u0119 ogromnym zainteresowaniem. W odpowiedzi na du\u017ce zapotrzebowanie na specjalistyczn\u0105 wiedz\u0119 organizatorzy targ\u00f3w postanowili na czternastej ich edycji urz\u0105dzi\u0107 kongres. W jego ramach zaplanowano spotkania zar\u00f3wno cykliczne, jak i organizowane po raz pierwszy. Do wydarze\u0144 znanych ju\u017c z poprzednich lat zaliczaj\u0105 si\u0119:<\/p>\n\n\n\n<p>\u2013 Konferencja Sadownicza,<\/p>\n\n\n\n<p>\u2013 Konferencja Warzywnicza,<\/p>\n\n\n\n<p>\u2013 XI Konferencja Truskawkowa,<\/p>\n\n\n\n<p>\u2013 II Konferencja Jagodowa.<\/p>\n\n\n\n<p>Po raz pierwszy odb\u0119d\u0105 si\u0119 za\u015b:<\/p>\n\n\n\n<p>\u2013 Konferencja Maszynowa,<\/p>\n\n\n\n<p>\u2013 Konferencja Szk\u00f3\u0142karska,<\/p>\n\n\n\n<p>\u2013 Konferencja \u201eOdnawialne \u017ar\u00f3d\u0142a energii w ogrodnictwie\u201d,<\/p>\n\n\n\n<p>\u2013 Konferencja \u201ePrzysz\u0142o\u015b\u0107 polskiego ogrodnictwa \u2013 strategia zamiast gaszenia po\u017car\u00f3w\u201d.<\/p>\n\n\n\n<p>Po kilkuletniej przerwie na TSW powr\u00f3ci\u0142o tak\u017ce wyczekiwane Sadownicze Forum Ekonomiczne. Kongres b\u0119dzie doskona\u0142\u0105 okazj\u0105 do zdobycia najnowszej wiedzy i nawi\u0105zania kontakt\u00f3w ze specjalistami.<\/p>\n\n\n\n<p>Targi Sadownictwa i Warzywnictwa s\u0105 najwi\u0119kszym wydarzeniem o charakterze targowo-konferencyjnym w Europie \u015arodkowo-Wschodniej. Zapraszamy do Kielc na ich czternast\u0105 edycj\u0119 17 i 18 stycznia 2024 roku!<\/p>\n\n\n\n<figure class=\"wp-block-gallery has-nested-images columns-default is-cropped wp-block-gallery-1 is-layout-flex wp-block-gallery-is-layout-flex\">\n<figure class=\"wp-block-image size-large\"><a href=\"https:\/\/gminachasno.pl\/wp-content\/uploads\/2023\/07\/1200x800-TSW-2024.jpg\"><img loading=\"lazy\" decoding=\"async\" width=\"1024\" height=\"683\" data-id=\"3706\" src=\"https:\/\/gminachasno.pl\/wp-content\/uploads\/2023\/07\/1200x800-TSW-2024-1024x683.jpg\" alt=\"\" class=\"wp-image-3706\" srcset=\"https:\/\/gminachasno.pl\/wp-content\/uploads\/2023\/07\/1200x800-TSW-2024-1024x683.jpg 1024w, https:\/\/gminachasno.pl\/wp-content\/uploads\/2023\/07\/1200x800-TSW-2024-300x200.jpg 300w, https:\/\/gminachasno.pl\/wp-content\/uploads\/2023\/07\/1200x800-TSW-2024-768x512.jpg 768w, https:\/\/gminachasno.pl\/wp-content\/uploads\/2023\/07\/1200x800-TSW-2024.jpg 1200w\" sizes=\"auto, (max-width: 1024px) 100vw, 1024px\" \/><\/a><\/figure>\n\n\n\n<figure class=\"wp-block-image size-large\"><a href=\"https:\/\/gminachasno.pl\/wp-content\/uploads\/2023\/07\/1200x800-TSW-2024.jpg\"><img loading=\"lazy\" decoding=\"async\" width=\"1024\" height=\"683\" data-id=\"3706\" src=\"https:\/\/gminachasno.pl\/wp-content\/uploads\/2023\/07\/1200x800-TSW-2024-1024x683.jpg\" alt=\"\" class=\"wp-image-3706\" srcset=\"https:\/\/gminachasno.pl\/wp-content\/uploads\/2023\/07\/1200x800-TSW-2024-1024x683.jpg 1024w, https:\/\/gminachasno.pl\/wp-content\/uploads\/2023\/07\/1200x800-TSW-2024-300x200.jpg 300w, https:\/\/gminachasno.pl\/wp-content\/uploads\/2023\/07\/1200x800-TSW-2024-768x512.jpg 768w, https:\/\/gminachasno.pl\/wp-content\/uploads\/2023\/07\/1200x800-TSW-2024.jpg 1200w\" sizes=\"auto, (max-width: 1024px) 100vw, 1024px\" \/><\/a><\/figure>\n\n\n\n<figure class=\"wp-block-image size-large\"><a href=\"https:\/\/gminachasno.pl\/wp-content\/uploads\/2023\/07\/DSC_4941.jpg\"><img loading=\"lazy\" decoding=\"async\" width=\"1024\" height=\"684\" data-id=\"3708\" src=\"https:\/\/gminachasno.pl\/wp-content\/uploads\/2023\/07\/DSC_4941-1024x684.jpg\" alt=\"\" class=\"wp-image-3708\" srcset=\"https:\/\/gminachasno.pl\/wp-content\/uploads\/2023\/07\/DSC_4941-1024x684.jpg 1024w, https:\/\/gminachasno.pl\/wp-content\/uploads\/2023\/07\/DSC_4941-300x200.jpg 300w, https:\/\/gminachasno.pl\/wp-content\/uploads\/2023\/07\/DSC_4941-768x513.jpg 768w, https:\/\/gminachasno.pl\/wp-content\/uploads\/2023\/07\/DSC_4941-1536x1025.jpg 1536w, https:\/\/gminachasno.pl\/wp-content\/uploads\/2023\/07\/DSC_4941.jpg 1772w\" sizes=\"auto, (max-width: 1024px) 100vw, 1024px\" \/><\/a><\/figure>\n\n\n\n<figure class=\"wp-block-image size-large\"><a href=\"https:\/\/gminachasno.pl\/wp-content\/uploads\/2023\/07\/DSC_4998.jpg\"><img loading=\"lazy\" decoding=\"async\" width=\"626\" height=\"418\" data-id=\"3700\" src=\"https:\/\/gminachasno.pl\/wp-content\/uploads\/2023\/07\/DSC_4998.jpg\" alt=\"\" class=\"wp-image-3700\" srcset=\"https:\/\/gminachasno.pl\/wp-content\/uploads\/2023\/07\/DSC_4998.jpg 626w, https:\/\/gminachasno.pl\/wp-content\/uploads\/2023\/07\/DSC_4998-300x200.jpg 300w\" sizes=\"auto, (max-width: 626px) 100vw, 626px\" \/><\/a><\/figure>\n\n\n\n<figure class=\"wp-block-image size-large\"><a href=\"https:\/\/gminachasno.pl\/wp-content\/uploads\/2023\/07\/DSC_5080.jpg\"><img loading=\"lazy\" decoding=\"async\" width=\"1024\" height=\"684\" data-id=\"3707\" src=\"https:\/\/gminachasno.pl\/wp-content\/uploads\/2023\/07\/DSC_5080-1024x684.jpg\" alt=\"\" class=\"wp-image-3707\" srcset=\"https:\/\/gminachasno.pl\/wp-content\/uploads\/2023\/07\/DSC_5080-1024x684.jpg 1024w, https:\/\/gminachasno.pl\/wp-content\/uploads\/2023\/07\/DSC_5080-300x200.jpg 300w, https:\/\/gminachasno.pl\/wp-content\/uploads\/2023\/07\/DSC_5080-768x513.jpg 768w, https:\/\/gminachasno.pl\/wp-content\/uploads\/2023\/07\/DSC_5080-1536x1025.jpg 1536w, https:\/\/gminachasno.pl\/wp-content\/uploads\/2023\/07\/DSC_5080.jpg 1772w\" sizes=\"auto, (max-width: 1024px) 100vw, 1024px\" \/><\/a><\/figure>\n\n\n\n<figure class=\"wp-block-image size-large\"><img loading=\"lazy\" decoding=\"async\" width=\"626\" height=\"418\" data-id=\"3702\" src=\"https:\/\/gminachasno.pl\/wp-content\/uploads\/2023\/07\/DSC_5082.jpg\" alt=\"\" class=\"wp-image-3702\" srcset=\"https:\/\/gminachasno.pl\/wp-content\/uploads\/2023\/07\/DSC_5082.jpg 626w, https:\/\/gminachasno.pl\/wp-content\/uploads\/2023\/07\/DSC_5082-300x200.jpg 300w\" sizes=\"auto, (max-width: 626px) 100vw, 626px\" \/><\/figure>\n\n\n\n<figure class=\"wp-block-image size-large\"><a href=\"https:\/\/gminachasno.pl\/wp-content\/uploads\/2023\/07\/DSC_5092.jpg\"><img loading=\"lazy\" decoding=\"async\" width=\"626\" height=\"418\" data-id=\"3703\" src=\"https:\/\/gminachasno.pl\/wp-content\/uploads\/2023\/07\/DSC_5092.jpg\" alt=\"\" class=\"wp-image-3703\" srcset=\"https:\/\/gminachasno.pl\/wp-content\/uploads\/2023\/07\/DSC_5092.jpg 626w, https:\/\/gminachasno.pl\/wp-content\/uploads\/2023\/07\/DSC_5092-300x200.jpg 300w\" sizes=\"auto, (max-width: 626px) 100vw, 626px\" \/><\/a><\/figure>\n\n\n\n<figure class=\"wp-block-image size-large\"><a href=\"https:\/\/gminachasno.pl\/wp-content\/uploads\/2023\/07\/DSC_5141.jpg\"><img loading=\"lazy\" decoding=\"async\" width=\"626\" height=\"418\" data-id=\"3704\" src=\"https:\/\/gminachasno.pl\/wp-content\/uploads\/2023\/07\/DSC_5141.jpg\" alt=\"\" class=\"wp-image-3704\" srcset=\"https:\/\/gminachasno.pl\/wp-content\/uploads\/2023\/07\/DSC_5141.jpg 626w, https:\/\/gminachasno.pl\/wp-content\/uploads\/2023\/07\/DSC_5141-300x200.jpg 300w\" sizes=\"auto, (max-width: 626px) 100vw, 626px\" \/><\/a><\/figure>\n\n\n\n<figure class=\"wp-block-image size-large\"><a href=\"https:\/\/gminachasno.pl\/wp-content\/uploads\/2023\/07\/DSC_5157-scaled.jpg\"><img loading=\"lazy\" decoding=\"async\" width=\"1024\" height=\"684\" data-id=\"3711\" src=\"https:\/\/gminachasno.pl\/wp-content\/uploads\/2023\/07\/DSC_5157-1024x684.jpg\" alt=\"\" class=\"wp-image-3711\" srcset=\"https:\/\/gminachasno.pl\/wp-content\/uploads\/2023\/07\/DSC_5157-1024x684.jpg 1024w, https:\/\/gminachasno.pl\/wp-content\/uploads\/2023\/07\/DSC_5157-300x200.jpg 300w, https:\/\/gminachasno.pl\/wp-content\/uploads\/2023\/07\/DSC_5157-768x513.jpg 768w, https:\/\/gminachasno.pl\/wp-content\/uploads\/2023\/07\/DSC_5157-1536x1025.jpg 1536w, https:\/\/gminachasno.pl\/wp-content\/uploads\/2023\/07\/DSC_5157-2048x1367.jpg 2048w\" sizes=\"auto, (max-width: 1024px) 100vw, 1024px\" \/><\/a><\/figure>\n\n\n\n<figure class=\"wp-block-image size-large\"><a href=\"https:\/\/gminachasno.pl\/wp-content\/uploads\/2023\/07\/DSC_5653.jpg\"><img loading=\"lazy\" decoding=\"async\" width=\"684\" height=\"1024\" data-id=\"3709\" src=\"https:\/\/gminachasno.pl\/wp-content\/uploads\/2023\/07\/DSC_5653-684x1024.jpg\" alt=\"\" class=\"wp-image-3709\" srcset=\"https:\/\/gminachasno.pl\/wp-content\/uploads\/2023\/07\/DSC_5653-684x1024.jpg 684w, https:\/\/gminachasno.pl\/wp-content\/uploads\/2023\/07\/DSC_5653-200x300.jpg 200w, https:\/\/gminachasno.pl\/wp-content\/uploads\/2023\/07\/DSC_5653-768x1151.jpg 768w, https:\/\/gminachasno.pl\/wp-content\/uploads\/2023\/07\/DSC_5653.jpg 1024w\" sizes=\"auto, (max-width: 684px) 100vw, 684px\" \/><\/a><\/figure>\n\n\n\n<figure class=\"wp-block-image size-large\"><a href=\"https:\/\/gminachasno.pl\/wp-content\/uploads\/2023\/07\/IMG_8587.jpg\"><img loading=\"lazy\" decoding=\"async\" width=\"627\" height=\"418\" data-id=\"3701\" src=\"https:\/\/gminachasno.pl\/wp-content\/uploads\/2023\/07\/IMG_8587.jpg\" alt=\"\" class=\"wp-image-3701\" srcset=\"https:\/\/gminachasno.pl\/wp-content\/uploads\/2023\/07\/IMG_8587.jpg 627w, https:\/\/gminachasno.pl\/wp-content\/uploads\/2023\/07\/IMG_8587-300x200.jpg 300w\" sizes=\"auto, (max-width: 627px) 100vw, 627px\" \/><\/a><\/figure>\n\n\n\n<figure class=\"wp-block-image size-large\"><a href=\"https:\/\/gminachasno.pl\/wp-content\/uploads\/2023\/07\/IMG_8887.jpg\"><img loading=\"lazy\" decoding=\"async\" width=\"1024\" height=\"683\" data-id=\"3710\" src=\"https:\/\/gminachasno.pl\/wp-content\/uploads\/2023\/07\/IMG_8887-1024x683.jpg\" alt=\"\" class=\"wp-image-3710\" srcset=\"https:\/\/gminachasno.pl\/wp-content\/uploads\/2023\/07\/IMG_8887-1024x683.jpg 1024w, https:\/\/gminachasno.pl\/wp-content\/uploads\/2023\/07\/IMG_8887-300x200.jpg 300w, https:\/\/gminachasno.pl\/wp-content\/uploads\/2023\/07\/IMG_8887-768x512.jpg 768w, https:\/\/gminachasno.pl\/wp-content\/uploads\/2023\/07\/IMG_8887.jpg 1500w\" sizes=\"auto, (max-width: 1024px) 100vw, 1024px\" \/><\/a><\/figure>\n<\/figure>\n","protected":false},"excerpt":{"rendered":"<p>Targi Sadownictwa i Warzywnictwa, organizowane przez Oficyn\u0119 Wydawnicz\u0105 Oikos, w styczniu 2023 roku po raz pierwszy odby\u0142y si\u0119 na terenie Targ\u00f3w Kielce. Trzynasta edycja zosta\u0142a przeniesiona do Kielc z o\u015brodka w Nadarzynie ko\u0142o Warszawy, co okaza\u0142o si\u0119 strza\u0142em w dziesi\u0105tk\u0119. Swoj\u0105 ofert\u0119 zaprezentowa\u0142o 311 firm, w tym 50 zagranicznych z 15 kraj\u00f3w, m.in. z Holandii, &hellip;<\/p>\n<p class=\"read-more\"> <a class=\"\" href=\"https:\/\/gminachasno.pl\/index.php\/2023\/07\/27\/targi-sadownictwa-i-warzywnictwa-w-halach-targow-kielce-17-18-stycznia-2024-roku\/\"> <span class=\"screen-reader-text\">Targi Sadownictwa i Warzywnictwa w halach Targ\u00f3w Kielce 17\u201318 stycznia 2024 roku<\/span> Read More &raquo;<\/a><\/p>\n","protected":false},"author":2,"featured_media":3706,"comment_status":"closed","ping_status":"","sticky":false,"template":"","format":"standard","meta":{"site-sidebar-layout":"default","site-content-layout":"default","ast-global-header-display":"","ast-main-header-display":"","ast-hfb-above-header-display":"","ast-hfb-below-header-display":"","ast-hfb-mobile-header-display":"","site-post-title":"","ast-breadcrumbs-content":"","ast-featured-img":"","footer-sml-layout":"","theme-transparent-header-meta":"","adv-header-id-meta":"","stick-header-meta":"","header-above-stick-meta":"","header-main-stick-meta":"","header-below-stick-meta":"","footnotes":""},"categories":[1],"tags":[],"class_list":["post-3699","post","type-post","status-publish","format-standard","has-post-thumbnail","hentry","category-bez-kategorii"],"_links":{"self":[{"href":"https:\/\/gminachasno.pl\/index.php\/wp-json\/wp\/v2\/posts\/3699","targetHints":{"allow":["GET"]}}],"collection":[{"href":"https:\/\/gminachasno.pl\/index.php\/wp-json\/wp\/v2\/posts"}],"about":[{"href":"https:\/\/gminachasno.pl\/index.php\/wp-json\/wp\/v2\/types\/post"}],"author":[{"embeddable":true,"href":"https:\/\/gminachasno.pl\/index.php\/wp-json\/wp\/v2\/users\/2"}],"replies":[{"embeddable":true,"href":"https:\/\/gminachasno.pl\/index.php\/wp-json\/wp\/v2\/comments?post=3699"}],"version-history":[{"count":1,"href":"https:\/\/gminachasno.pl\/index.php\/wp-json\/wp\/v2\/posts\/3699\/revisions"}],"predecessor-version":[{"id":3712,"href":"https:\/\/gminachasno.pl\/index.php\/wp-json\/wp\/v2\/posts\/3699\/revisions\/3712"}],"wp:featuredmedia":[{"embeddable":true,"href":"https:\/\/gminachasno.pl\/index.php\/wp-json\/wp\/v2\/media\/3706"}],"wp:attachment":[{"href":"https:\/\/gminachasno.pl\/index.php\/wp-json\/wp\/v2\/media?parent=3699"}],"wp:term":[{"taxonomy":"category","embeddable":true,"href":"https:\/\/gminachasno.pl\/index.php\/wp-json\/wp\/v2\/categories?post=3699"},{"taxonomy":"post_tag","embeddable":true,"href":"https:\/\/gminachasno.pl\/index.php\/wp-json\/wp\/v2\/tags?post=3699"}],"curies":[{"name":"wp","href":"https:\/\/api.w.org\/{rel}","templated":true}]}}