{"id":3458,"date":"2023-05-31T13:55:13","date_gmt":"2023-05-31T11:55:13","guid":{"rendered":"https:\/\/gminachasno.pl\/?p=3458"},"modified":"2023-05-31T14:07:57","modified_gmt":"2023-05-31T12:07:57","slug":"informacja-dotyczaca-wyboru-lawnikow-na-kadencje-2024-2027","status":"publish","type":"post","link":"https:\/\/gminachasno.pl\/index.php\/2023\/05\/31\/informacja-dotyczaca-wyboru-lawnikow-na-kadencje-2024-2027\/","title":{"rendered":"Informacja dotycz\u0105ca wyboru \u0142awnik\u00f3w na kadencj\u0119 2024-2027\u00a0"},"content":{"rendered":"\n<p>W zwi\u0105zku z up\u0142ywem w dniu 31 grudnia 2023 roku czteroletniej kadencji \u0142awnik\u00f3w orzekaj\u0105cych w sprawach rozpoznawanych w S\u0105dzie Rejonowym w \u0141owiczu Prezes S\u0105du Okr\u0119gowego w \u0141odzi zwr\u00f3ci\u0142 si\u0119 do Rady Gminy Ch\u0105\u015bno &nbsp;z pro\u015bb\u0105 o dokonanie naboru kandydat\u00f3w na \u0142awnik\u00f3w:<\/p>\n\n\n\n<p>&#8211; Do S\u0105du Rejonowego w \u0141owiczu &#8211; 1 \u0142awnika, z wy\u0142\u0105czeniem \u0142awnik\u00f3w do orzekania z zakresu prawa pracy.<\/p>\n\n\n\n<p><strong>Ustawa Prawo o ustroju s\u0105d\u00f3w powszechnych stanowi, ze \u0142awnikiem mo\u017ce by\u0107 wybrany ten, kto:<br><\/strong>1)&nbsp;&nbsp; posiada obywatelstwo polskie i korzysta z pe\u0142ni praw cywilnych i obywatelskich;<\/p>\n\n\n\n<p>2)&nbsp;&nbsp;&nbsp; jest nieskazitelnego charakteru;<\/p>\n\n\n\n<p>3)&nbsp;&nbsp;&nbsp; uko\u0144czy\u0142 30 lat;<\/p>\n\n\n\n<p>4)&nbsp;&nbsp;&nbsp; jest zatrudniony, prowadzi dzia\u0142alno\u015b\u0107 gospodarcz\u0105 lub mieszka w miejscu kandydowania co najmniej od roku;<\/p>\n\n\n\n<p>5)&nbsp;&nbsp;&nbsp; nie przekroczy\u0142 70 lat;<\/p>\n\n\n\n<p>6)&nbsp;&nbsp;&nbsp; jest zdolny, ze wzgl\u0119du na stan zdrowia, do pe\u0142nienia obowi\u0105zk\u00f3w \u0142awnika;<\/p>\n\n\n\n<p>7)&nbsp;&nbsp;&nbsp; posiada co najmniej wykszta\u0142cenie \u015brednie lub \u015brednie bran\u017cowe.<\/p>\n\n\n\n<p>Do orzekania w sprawach z zakresu prawa pracy \u0142awnikiem powinna by\u0107 wybrana osoba wykazuj\u0105ca szczeg\u00f3ln\u0105 znajomo\u015b\u0107 spraw pracowniczych.<\/p>\n\n\n\n<p>&nbsp;<strong>\u0141awnikami nie mog\u0105 by\u0107:<\/strong><\/p>\n\n\n\n<p>1)&nbsp;&nbsp;&nbsp; osoby zatrudnione w s\u0105dach powszechnych i innych s\u0105dach oraz w prokuraturze;<\/p>\n\n\n\n<p>2)&nbsp;&nbsp;&nbsp; osoby wchodz\u0105ce w sk\u0142ad organ\u00f3w, od kt\u00f3rych orzeczenia mo\u017cna \u017c\u0105da\u0107 skierowania sprawy na drog\u0119 post\u0119powania s\u0105dowego;<\/p>\n\n\n\n<p>3)&nbsp;&nbsp;&nbsp; funkcjonariusze Policji oraz inne osoby zajmuj\u0105ce stanowiska zwi\u0105zane ze \u015bciganiem przest\u0119pstw i wykrocze\u0144;<\/p>\n\n\n\n<p>4)&nbsp;&nbsp;&nbsp; adwokaci i aplikanci adwokaccy;<\/p>\n\n\n\n<p>5)&nbsp;&nbsp;&nbsp; radcy prawni i aplikanci radcowscy;<\/p>\n\n\n\n<p>6)&nbsp;&nbsp;&nbsp; duchowni;<\/p>\n\n\n\n<p>7)&nbsp;&nbsp;&nbsp; \u017co\u0142nierze w czynnej s\u0142u\u017cbie wojskowej;<\/p>\n\n\n\n<p>8)&nbsp;&nbsp;&nbsp; funkcjonariusze S\u0142u\u017cby Wi\u0119ziennej;<\/p>\n\n\n\n<p>9)&nbsp;&nbsp;&nbsp; radni gminy, powiatu i wojew\u00f3dztwa.<\/p>\n\n\n\n<p>Ponadto nie mo\u017cna by\u0107 \u0142awnikiem jednocze\u015bnie w wi\u0119cej ni\u017c jednym s\u0105dzie.<\/p>\n\n\n\n<p><strong>Kandydat\u00f3w na \u0142awnik\u00f3w zg\u0142aszaj\u0105 radom gmin:<\/strong> prezesi w\u0142a\u015bciwych s\u0105d\u00f3w, stowarzyszenia, inne organizacje spo\u0142eczne i zawodowe, zarejestrowane na podstawie przepis\u00f3w prawa z wy\u0142\u0105czeniem partii politycznych oraz co najmniej pi\u0119\u0107dziesi\u0119ciu obywateli maj\u0105cych czynne prawo wyborcze zamieszkuj\u0105cych stale na danym terenie.<\/p>\n\n\n\n<p><strong>Termin zg\u0142aszania kandydat\u00f3w na \u0142awnik\u00f3w up\u0142ywa 30 czerwca 2023 roku (decyduje data wp\u0142ywu).<\/strong><\/p>\n\n\n\n<p>Zg\u0142oszenie, kt\u00f3re wp\u0142yn\u0119\u0142o do rady gminy po up\u0142ywie terminu okre\u015blonego w art. 162 \u00a7 1 ustawy z dnia 27 lipca 2001 r. \u2013 Prawo o ustroju s\u0105d\u00f3w powszechnych, lub niespe\u0142niaj\u0105ce wymaga\u0144 formalnych, o kt\u00f3rych mowa w art. 162 \u00a7 2\u20135 ustawy z dnia 27 lipca 2001 r. \u2013 Prawo o ustroju s\u0105d\u00f3w powszechnych i rozporz\u0105dzeniu Ministra Sprawiedliwo\u015bci z dnia 9 czerwca 2011 r. w sprawie sposobu post\u0119powania z dokumentami z\u0142o\u017conymi radom gmin przy zg\u0142aszaniu kandydat\u00f3w na \u0142awnik\u00f3w oraz wzoru karty zg\u0142oszenia (Dz. U. poz. 693 oraz z 2022 r. poz. 2155), pozostawia si\u0119 bez dalszego biegu. Termin do zg\u0142oszenia kandydata nie podlega przywr\u00f3ceniu.<\/p>\n\n\n\n<p><strong>Zg\u0142aszanie kandydat\u00f3w na \u0142awnik\u00f3w dokonuje si\u0119 na karcie zg\u0142oszenia, do kt\u00f3rej kandydat ma obowi\u0105zek do\u0142\u0105czy\u0107 dokumenty (1-4), kt\u00f3re powinny by\u0107 opatrzone dat\u0105 nie wcze\u015bniejsz\u0105 ni\u017c 30 dni przed dniem zg\u0142oszenia:<\/strong><\/p>\n\n\n\n<p>1)&nbsp;&nbsp;&nbsp; informacj\u0119 z Krajowego Rejestru Karnego dotycz\u0105c\u0105 zg\u0142aszanej osoby;<\/p>\n\n\n\n<p>2)&nbsp;&nbsp;&nbsp; o\u015bwiadczenie kandydata, \u017ce nie jest prowadzone przeciwko niemu post\u0119powanie o przest\u0119pstwo \u015bcigane z oskar\u017cenia publicznego lub przest\u0119pstwo skarbowe;<\/p>\n\n\n\n<p>3)&nbsp;&nbsp;&nbsp; o\u015bwiadczenie kandydata, \u017ce nie jest lub nie by\u0142 pozbawiony w\u0142adzy rodzicielskiej, a tak\u017ce, \u017ce w\u0142adza rodzicielska nie zosta\u0142a mu ograniczona ani zawieszona;<\/p>\n\n\n\n<p>4)&nbsp;&nbsp;&nbsp; za\u015bwiadczenie lekarskie o stanie zdrowia, wystawione przez lekarza podstawowej opieki zdrowotnej, w rozumieniu przepis\u00f3w ustawy z dnia 27 pa\u017adziernika 2017 r. o podstawowej opiece zdrowotnej (Dz. U. z 2022 r. poz. 2527), stwierdzaj\u0105ce brak przeciwwskaza\u0144 do wykonywania funkcji \u0142awnika;<\/p>\n\n\n\n<p>5)&nbsp;&nbsp;&nbsp; dwa zdj\u0119cia zgodne z wymogami stosowanymi przy sk\u0142adaniu wniosku o wydanie dowodu osobistego.<\/p>\n\n\n\n<p>Do zg\u0142oszenia kandydata na \u0142awnika dokonanego na karcie zg\u0142oszenia przez stowarzyszenie, inn\u0105 organizacj\u0119 spo\u0142eczn\u0105 lub zawodow\u0105, zarejestrowan\u0105 na podstawie przepis\u00f3w prawa, do\u0142\u0105cza si\u0119 r\u00f3wnie\u017c aktualny odpis z Krajowego Rejestru S\u0105dowego albo odpis lub za\u015bwiadczenie potwierdzaj\u0105ce wpis do innego w\u0142a\u015bciwego rejestru lub ewidencji dotycz\u0105ce tej organizacji, <strong>opatrzone dat\u0105 nie wcze\u015bniejsz\u0105 ni\u017c 3 miesi\u0105ce przed dniem zg\u0142oszenia.<\/strong><\/p>\n\n\n\n<p><strong>Do zg\u0142oszenia kandydata<\/strong> na \u0142awnika <strong>dokonanego<\/strong> na karcie zg\u0142oszenia <strong>przez obywateli<\/strong> do\u0142\u0105cza si\u0119 r\u00f3wnie\u017c list\u0119 os\u00f3b zawieraj\u0105c\u0105 imi\u0119 (imiona), nazwisko, numer ewidencyjny PESEL, miejsce sta\u0142ego zamieszkania i w\u0142asnor\u0119czny podpis ka\u017cdej z pi\u0119\u0107dziesi\u0119ciu os\u00f3b zg\u0142aszaj\u0105cych kandydata.<\/p>\n\n\n\n<p><strong>Wybory \u0142awnik\u00f3w odb\u0119d\u0105 si\u0119 najp\u00f3\u017aniej w pa\u017adzierniku 2023&nbsp; roku.<\/strong><\/p>\n\n\n\n<p>Karty zg\u0142osze\u0144 kandydat\u00f3w na \u0142awnik\u00f3w dost\u0119pne s\u0105 na stronie internetowej Gminy Ch\u0105\u015bno <a href=\"http:\/\/www.gminachasno.pl\">www.gminachasno.pl<\/a> oraz <a href=\"http:\/\/bip.ugchasno.nv.pl\/m,916,wybory-lawnikow.html\">http:\/\/bip.ugchasno.nv.pl\/m,916,wybory-lawnikow.html<\/a> , po czym wype\u0142nione sk\u0142ada\u0107 w Urz\u0119dzie Gminy Ch\u0105\u015bno, sekretariat, w godzinach pracy Urz\u0119du (decyduje data wp\u0142ywu).<\/p>\n\n\n\n<p>Karty dost\u0119pne s\u0105 r\u00f3wnie\u017c na stronie Ministerstwa Sprawiedliwo\u015bci Formularz dotycz\u0105cy zg\u0142aszania kandydat\u00f3w na \u0142awnik\u00f3w &#8211; Ministerstwo Sprawiedliwo\u015bci &#8211; Portal Gov.pl (www.gov.pl)<\/p>\n\n\n\n<p>Informacji zwi\u0105zanych z wyborem \u0142awnik\u00f3w udziela Dorota Bogusz-Kurczak &#8211; tel. 468381423 wew. 17&nbsp;<\/p>\n\n\n\n<p><strong>Pobierz dokumenty:<\/strong><\/p>\n\n\n\n<p><a href=\"https:\/\/gminachasno.pl\/wp-content\/uploads\/2023\/05\/Wzor-karty-zgloszenia-kandydata.pdf\">Wz\u00f3r karty zg\u0142oszenia kandydata  <\/a><\/p>\n\n\n\n<p><a href=\"https:\/\/gminachasno.pl\/wp-content\/uploads\/2023\/05\/Lista-poparcia.docx\">Lista poparcia<\/a><\/p>\n\n\n\n<p><a href=\"https:\/\/gminachasno.pl\/wp-content\/uploads\/2023\/05\/Wzor-oswiadczenia-pozbawienie-wladzy-rodzicielskiej.docx\">Wz\u00f3r o\u015bwiadczenia-pozbawienie w\u0142adzy rodzicielskiej<\/a><\/p>\n\n\n\n<p><a href=\"https:\/\/gminachasno.pl\/wp-content\/uploads\/2023\/05\/Wzor-oswiadczenia-postepowanie-o-przestepstwo-scigane-z-oskarzenia-publicznego.docx\">Wz\u00f3r o\u015bwiadczenia-post\u0119powanie o przest\u0119pstwo \u015bcigane z oskar\u017cenia publicznego<\/a><\/p>\n","protected":false},"excerpt":{"rendered":"<p>W zwi\u0105zku z up\u0142ywem w dniu 31 grudnia 2023 roku czteroletniej kadencji \u0142awnik\u00f3w orzekaj\u0105cych w sprawach rozpoznawanych w S\u0105dzie Rejonowym w \u0141owiczu Prezes S\u0105du Okr\u0119gowego w \u0141odzi zwr\u00f3ci\u0142 si\u0119 do Rady Gminy Ch\u0105\u015bno &nbsp;z pro\u015bb\u0105 o dokonanie naboru kandydat\u00f3w na \u0142awnik\u00f3w: &#8211; Do S\u0105du Rejonowego w \u0141owiczu &#8211; 1 \u0142awnika, z wy\u0142\u0105czeniem \u0142awnik\u00f3w do orzekania &hellip;<\/p>\n<p class=\"read-more\"> <a class=\"\" href=\"https:\/\/gminachasno.pl\/index.php\/2023\/05\/31\/informacja-dotyczaca-wyboru-lawnikow-na-kadencje-2024-2027\/\"> <span class=\"screen-reader-text\">Informacja dotycz\u0105ca wyboru \u0142awnik\u00f3w na kadencj\u0119 2024-2027\u00a0<\/span> Read More &raquo;<\/a><\/p>\n","protected":false},"author":2,"featured_media":3460,"comment_status":"closed","ping_status":"","sticky":false,"template":"","format":"standard","meta":{"site-sidebar-layout":"default","site-content-layout":"default","ast-global-header-display":"","ast-main-header-display":"","ast-hfb-above-header-display":"","ast-hfb-below-header-display":"","ast-hfb-mobile-header-display":"","site-post-title":"","ast-breadcrumbs-content":"","ast-featured-img":"","footer-sml-layout":"","theme-transparent-header-meta":"","adv-header-id-meta":"","stick-header-meta":"","header-above-stick-meta":"","header-main-stick-meta":"","header-below-stick-meta":"","footnotes":""},"categories":[1],"tags":[],"class_list":["post-3458","post","type-post","status-publish","format-standard","has-post-thumbnail","hentry","category-bez-kategorii"],"_links":{"self":[{"href":"https:\/\/gminachasno.pl\/index.php\/wp-json\/wp\/v2\/posts\/3458","targetHints":{"allow":["GET"]}}],"collection":[{"href":"https:\/\/gminachasno.pl\/index.php\/wp-json\/wp\/v2\/posts"}],"about":[{"href":"https:\/\/gminachasno.pl\/index.php\/wp-json\/wp\/v2\/types\/post"}],"author":[{"embeddable":true,"href":"https:\/\/gminachasno.pl\/index.php\/wp-json\/wp\/v2\/users\/2"}],"replies":[{"embeddable":true,"href":"https:\/\/gminachasno.pl\/index.php\/wp-json\/wp\/v2\/comments?post=3458"}],"version-history":[{"count":4,"href":"https:\/\/gminachasno.pl\/index.php\/wp-json\/wp\/v2\/posts\/3458\/revisions"}],"predecessor-version":[{"id":3469,"href":"https:\/\/gminachasno.pl\/index.php\/wp-json\/wp\/v2\/posts\/3458\/revisions\/3469"}],"wp:featuredmedia":[{"embeddable":true,"href":"https:\/\/gminachasno.pl\/index.php\/wp-json\/wp\/v2\/media\/3460"}],"wp:attachment":[{"href":"https:\/\/gminachasno.pl\/index.php\/wp-json\/wp\/v2\/media?parent=3458"}],"wp:term":[{"taxonomy":"category","embeddable":true,"href":"https:\/\/gminachasno.pl\/index.php\/wp-json\/wp\/v2\/categories?post=3458"},{"taxonomy":"post_tag","embeddable":true,"href":"https:\/\/gminachasno.pl\/index.php\/wp-json\/wp\/v2\/tags?post=3458"}],"curies":[{"name":"wp","href":"https:\/\/api.w.org\/{rel}","templated":true}]}}