{"id":3362,"date":"2023-04-05T11:47:39","date_gmt":"2023-04-05T09:47:39","guid":{"rendered":"https:\/\/gminachasno.pl\/?p=3362"},"modified":"2023-04-05T12:01:12","modified_gmt":"2023-04-05T10:01:12","slug":"rodo","status":"publish","type":"post","link":"https:\/\/gminachasno.pl\/index.php\/2023\/04\/05\/rodo\/","title":{"rendered":"RODO"},"content":{"rendered":"\n<p><strong><a href=\"https:\/\/gminachasno.pl\/wp-content\/uploads\/2023\/04\/Zarzadzenie_Wojta_Gminy_Chasno_36.2018_z_dnia_5_czerwca_2018_roku1.pdf\">ZARZ\u0104DZENIE NR 36\/2018 W\u00d3JTA GMINY CH\u0104\u015aNO z dnia 5 czerwca 2018 r. w sprawie powo\u0142ania Inspektora Ochrony Danych, wprowadzenia Polityki Bezpiecze\u0144stwa Przetwarzania Danych Osobowych w Urz\u0119dzie Gminy Ch\u0105\u015bno oraz Instrukcji zarz\u0105dzania systemem informatycznym s\u0142u\u017c\u0105cym do przetwarzania danych osobowych w Urz\u0119dzie Gminy Ch\u0105\u015bno<\/a>.<\/strong><\/p>\n\n\n\n<p>W zwi\u0105zku z realizacj\u0105 obowi\u0105zk\u00f3w okre\u015blonych w Rozporz\u0105dzenia Parlamentu Europejskiego i Rady (UE) 2016\/679 z dnia 27 kwietnia 2016 r. w sprawie ochrony os\u00f3b fizycznych w zwi\u0105zku z przetwarzaniem danych osobowych i w sprawie swobodnego przep\u0142ywu takich danych oraz uchylenia dyrektywy 95\/46\/WE (og\u00f3lne rozporz\u0105dzenie o ochronie danych &#8211; \u201eRODO\u201d), kt\u00f3re obowi\u0105zuje od dnia 25 maja 2018 roku informujemy o zasadach przetwarzania danych osobowych os\u00f3b, kt\u00f3rych dane dotycz\u0105 oraz o przys\u0142uguj\u0105cych prawach z tym zwi\u0105zanych<br>Administratorem&nbsp; Pani\/Pana danych osobowych przetwarzanych w Urz\u0119dzie Gminy Ch\u0105\u015bno, kt\u00f3ry mie\u015bci si\u0119 pod adresem Ch\u0105\u015bno 55, 99-413 jest W\u00f3jt Gminy.<\/p>\n\n\n\n<p>&nbsp;<br>&nbsp;W Urz\u0119dzie zosta\u0142 powo\u0142any Inspektor Ochrony Danych i je\u015bli b\u0119dzie Pani\/Pan mia\u0142 w\u0105tpliwo\u015bci co do tego, jakie Pani\/Pana dane przez Urz\u0105d s\u0105 przetwarzane, jakie Pani\/Panu przys\u0142uguj\u0105 uprawnienia, mo\u017ce si\u0119 Pani\/Pan skontaktowa\u0107 z Inspektorem Ochrony Danych Osobowych korzystaj\u0105c z adresu <a href=\"http:\/\/bip.ugchasno.nv.pl\/ido@gminachasno.pl\">ido@gminachasno.pl<\/a><\/p>\n\n\n\n<p><br>&nbsp;Administrator danych osobowych \u2013 W\u00f3jt Gminy Ch\u0105\u015bno przetwarza Pani\/Pana dane osobowe na podstawie obowi\u0105zuj\u0105cych przepis\u00f3w prawa, zawartych um\u00f3w lub na podstawie udzielonej zgody. Je\u017celi wyrazi\u0142a Pani\/Pan zgod\u0119 na przetwarzania danych osobowych, to w ka\u017cdym momencie mo\u017ce Pani\/Pan j\u0105 cofn\u0105\u0107. Zgoda ma charakter dobrowolny. Cofni\u0119cie to nie ma wp\u0142ywu na zgodno\u015b\u0107 przetwarzania, kt\u00f3rego dokonano na podstawie tej zgody przed jej cofni\u0119ciem, z obowi\u0105zuj\u0105cym prawem. Natomiast w przypadku, kiedy przetwarzanie odbywa si\u0119 na podstawie przepisu prawa czy umowy, podanie danych osobowych jest obowi\u0105zkowe.<\/p>\n\n\n\n<p><br>Pani\/Pana dane osobowe przetwarzane s\u0105 w celu &nbsp;wype\u0142nienia obowi\u0105zk\u00f3w prawnych ci\u0105\u017c\u0105cych na Urz\u0119dzie, &nbsp;realizacji um\u00f3w, za\u015b&nbsp; w pozosta\u0142ych przypadkach wy\u0142\u0105cznie na podstawie wcze\u015bniej udzielonej zgody ( zgodnie z celem okre\u015blonym w zgodzie oraz tylko w tym zakresie)<\/p>\n\n\n\n<p><br>Pani\/Pana dane osobowe, kt\u00f3re s\u0105 przetwarzane przez Urz\u0105d, mog\u0105 zosta\u0107 udost\u0119pnione&nbsp; organom w\u0142adzy publicznej \u2013 je\u015bli taki obowi\u0105zek wynika z przepis\u00f3w powszechnie obowi\u0105zuj\u0105cego prawa oraz podmiotom, kt\u00f3re s\u0105 stron\u0105 um\u00f3w zawartych z Urz\u0119dem Gminy.<\/p>\n\n\n\n<p>&nbsp;Pani\/Pana dane osobowe b\u0119d\u0105 przechowywane przez okres wynikaj\u0105cy z przepis\u00f3w prawa powszechnie obowi\u0105zuj\u0105cego<\/p>\n\n\n\n<p>W zwi\u0105zku z przetwarzaniem Pani\/Pana, mo\u017ce Pani\/Pan skorzysta\u0107 z nast\u0119puj\u0105cych uprawnie\u0144:<\/p>\n\n\n\n<ul class=\"wp-block-list\">\n<li>prawa dost\u0119pu do danych osobowych, kt\u00f3re daje mo\u017cliwo\u015b\u0107 r\u00f3wnie\u017c uzyskania ich kopii.<\/li>\n\n\n\n<li>prawa do \u017c\u0105dania sprostowania &nbsp;czyli poprawienia &nbsp;danych osobowych \u2013 w przypadku gdy s\u0105 one nieprawid\u0142owe czy &nbsp;niekompletne.<\/li>\n\n\n\n<li>prawa do \u017c\u0105dania usuni\u0119cia danych osobowych (skorzysta\u0107 z prawa do bycia zapomnianym), &nbsp;w przypadku kiedy na przyk\u0142ad dane nie s\u0105 ju\u017c niezb\u0119dne do cel\u00f3w, dla kt\u00f3rych by\u0142y zebrane lub w inny spos\u00f3b przetwarzane,<\/li>\n\n\n\n<li>&nbsp;prawa do \u017c\u0105dania ograniczenia przetwarzania danych osobowych, kiedy mi\u0119dzy innymi &nbsp;kwestionuje Pani\/Pan prawid\u0142owo\u015b\u0107 danych osobowych<\/li>\n\n\n\n<li>prawa do przenoszenia danych<\/li>\n\n\n\n<li>prawa sprzeciwu wobec przetwarzania danych<\/li>\n<\/ul>\n\n\n\n<p>Ma Pani\/Pan prawo wniesienia skargi do organu nadzorczego, to jest do Prezesa Urz\u0119du Ochrony Danych Osobowych w przypadku, kiedy zachodzi obawa, \u017ce Pani\/Pana dane s\u0105 przetwarzane niezgodnie z prawem.&nbsp;<\/p>\n\n\n\n<p>Pani\/Pana dane nie b\u0119d\u0105 profilowane, mog\u0105 by\u0107 przetwarzane przez Urz\u0105d w spos\u00f3b zautomatyzowany.<\/p>\n","protected":false},"excerpt":{"rendered":"<p>ZARZ\u0104DZENIE NR 36\/2018 W\u00d3JTA GMINY CH\u0104\u015aNO z dnia 5 czerwca 2018 r. w sprawie powo\u0142ania Inspektora Ochrony Danych, wprowadzenia Polityki Bezpiecze\u0144stwa Przetwarzania Danych Osobowych w Urz\u0119dzie Gminy Ch\u0105\u015bno oraz Instrukcji zarz\u0105dzania systemem informatycznym s\u0142u\u017c\u0105cym do przetwarzania danych osobowych w Urz\u0119dzie Gminy Ch\u0105\u015bno. W zwi\u0105zku z realizacj\u0105 obowi\u0105zk\u00f3w okre\u015blonych w Rozporz\u0105dzenia Parlamentu Europejskiego i Rady (UE) &hellip;<\/p>\n<p class=\"read-more\"> <a class=\"\" href=\"https:\/\/gminachasno.pl\/index.php\/2023\/04\/05\/rodo\/\"> <span class=\"screen-reader-text\">RODO<\/span> Read More &raquo;<\/a><\/p>\n","protected":false},"author":2,"featured_media":0,"comment_status":"closed","ping_status":"","sticky":false,"template":"","format":"standard","meta":{"site-sidebar-layout":"default","site-content-layout":"default","ast-global-header-display":"","ast-main-header-display":"","ast-hfb-above-header-display":"","ast-hfb-below-header-display":"","ast-hfb-mobile-header-display":"","site-post-title":"","ast-breadcrumbs-content":"","ast-featured-img":"","footer-sml-layout":"","theme-transparent-header-meta":"","adv-header-id-meta":"","stick-header-meta":"","header-above-stick-meta":"","header-main-stick-meta":"","header-below-stick-meta":"","footnotes":""},"categories":[1],"tags":[],"class_list":["post-3362","post","type-post","status-publish","format-standard","hentry","category-bez-kategorii"],"_links":{"self":[{"href":"https:\/\/gminachasno.pl\/index.php\/wp-json\/wp\/v2\/posts\/3362","targetHints":{"allow":["GET"]}}],"collection":[{"href":"https:\/\/gminachasno.pl\/index.php\/wp-json\/wp\/v2\/posts"}],"about":[{"href":"https:\/\/gminachasno.pl\/index.php\/wp-json\/wp\/v2\/types\/post"}],"author":[{"embeddable":true,"href":"https:\/\/gminachasno.pl\/index.php\/wp-json\/wp\/v2\/users\/2"}],"replies":[{"embeddable":true,"href":"https:\/\/gminachasno.pl\/index.php\/wp-json\/wp\/v2\/comments?post=3362"}],"version-history":[{"count":6,"href":"https:\/\/gminachasno.pl\/index.php\/wp-json\/wp\/v2\/posts\/3362\/revisions"}],"predecessor-version":[{"id":3372,"href":"https:\/\/gminachasno.pl\/index.php\/wp-json\/wp\/v2\/posts\/3362\/revisions\/3372"}],"wp:attachment":[{"href":"https:\/\/gminachasno.pl\/index.php\/wp-json\/wp\/v2\/media?parent=3362"}],"wp:term":[{"taxonomy":"category","embeddable":true,"href":"https:\/\/gminachasno.pl\/index.php\/wp-json\/wp\/v2\/categories?post=3362"},{"taxonomy":"post_tag","embeddable":true,"href":"https:\/\/gminachasno.pl\/index.php\/wp-json\/wp\/v2\/tags?post=3362"}],"curies":[{"name":"wp","href":"https:\/\/api.w.org\/{rel}","templated":true}]}}