{"id":3269,"date":"2023-03-10T06:58:35","date_gmt":"2023-03-10T05:58:35","guid":{"rendered":"https:\/\/gminachasno.pl\/?p=3269"},"modified":"2023-03-10T06:58:37","modified_gmt":"2023-03-10T05:58:37","slug":"wojskowe-targi-sluzby-i-pracy-17-18-marca-2023-r","status":"publish","type":"post","link":"https:\/\/gminachasno.pl\/index.php\/2023\/03\/10\/wojskowe-targi-sluzby-i-pracy-17-18-marca-2023-r\/","title":{"rendered":"Wojskowe Targi S\u0142u\u017cby i Pracy 17-18 marca 2023 r."},"content":{"rendered":"\n<p>W terminie 17-18 marca 2023 r. w ka\u017cdym wojew\u00f3dztwie odb\u0119d\u0105 si\u0119 Wojskowe Targi S\u0142u\u017cby i Pracy, kt\u00f3re b\u0119d\u0105 jedynym w Polsce wydarzeniem w ca\u0142o\u015bci po\u015bwi\u0119conym promocji form s\u0142u\u017cby wojskowej wprowadzonych Ustaw\u0105 o Obronie Ojczyzny.<br>Jako miejsce w\/w wydarzenia w wojew\u00f3dztwie \u0141\u00f3dzkim zosta\u0142o wytypowane Miasto Skierniewice oraz kompleks Akademii Nauk Stosowanych Stefana Batorego po wcze\u015bniejszym rekonesansie i akceptacji przez Centrum Operacyjne Ministra Obrony Narodowej.<\/p>\n\n\n\n<p>Wi\u0119cej informacji:<\/p>\n\n\n\n<p><a href=\"https:\/\/www.gov.pl\/web\/obrona-narodowa\/wojskowe-targi-sluzby-i-pracy--sprawdz-co-da-ci-wojsko\">https:\/\/www.gov.pl\/web\/obrona-narodowa\/wojskowe-targi-sluzby-i-pracy&#8211;sprawdz-co-da-ci-wojsko<\/a><br><a href=\"https:\/\/www.youtube.com\/watch?v=mTY6pjBb7Sg\">https:\/\/www.youtube.com\/watch?v=mTY6pjBb7Sg<\/a><\/p>\n\n\n\n<figure class=\"wp-block-image size-large\"><img loading=\"lazy\" decoding=\"async\" width=\"1024\" height=\"724\" src=\"https:\/\/gminachasno.pl\/wp-content\/uploads\/2023\/03\/330761816_757457929061929_1641813575608896624_n-1024x724.jpg\" alt=\"\" class=\"wp-image-3270\" srcset=\"https:\/\/gminachasno.pl\/wp-content\/uploads\/2023\/03\/330761816_757457929061929_1641813575608896624_n-1024x724.jpg 1024w, https:\/\/gminachasno.pl\/wp-content\/uploads\/2023\/03\/330761816_757457929061929_1641813575608896624_n-300x212.jpg 300w, https:\/\/gminachasno.pl\/wp-content\/uploads\/2023\/03\/330761816_757457929061929_1641813575608896624_n-768x543.jpg 768w, https:\/\/gminachasno.pl\/wp-content\/uploads\/2023\/03\/330761816_757457929061929_1641813575608896624_n-1536x1086.jpg 1536w, https:\/\/gminachasno.pl\/wp-content\/uploads\/2023\/03\/330761816_757457929061929_1641813575608896624_n.jpg 2048w\" sizes=\"auto, (max-width: 1024px) 100vw, 1024px\" \/><\/figure>\n","protected":false},"excerpt":{"rendered":"<p>W terminie 17-18 marca 2023 r. w ka\u017cdym wojew\u00f3dztwie odb\u0119d\u0105 si\u0119 Wojskowe Targi S\u0142u\u017cby i Pracy, kt\u00f3re b\u0119d\u0105 jedynym w Polsce wydarzeniem w ca\u0142o\u015bci po\u015bwi\u0119conym promocji form s\u0142u\u017cby wojskowej wprowadzonych Ustaw\u0105 o Obronie Ojczyzny.Jako miejsce w\/w wydarzenia w wojew\u00f3dztwie \u0141\u00f3dzkim zosta\u0142o wytypowane Miasto Skierniewice oraz kompleks Akademii Nauk Stosowanych Stefana Batorego po wcze\u015bniejszym rekonesansie i &hellip;<\/p>\n<p class=\"read-more\"> <a class=\"\" href=\"https:\/\/gminachasno.pl\/index.php\/2023\/03\/10\/wojskowe-targi-sluzby-i-pracy-17-18-marca-2023-r\/\"> <span class=\"screen-reader-text\">Wojskowe Targi S\u0142u\u017cby i Pracy 17-18 marca 2023 r.<\/span> Read More &raquo;<\/a><\/p>\n","protected":false},"author":2,"featured_media":3270,"comment_status":"closed","ping_status":"closed","sticky":false,"template":"","format":"standard","meta":{"site-sidebar-layout":"default","site-content-layout":"default","ast-global-header-display":"","ast-main-header-display":"","ast-hfb-above-header-display":"","ast-hfb-below-header-display":"","ast-hfb-mobile-header-display":"","site-post-title":"","ast-breadcrumbs-content":"","ast-featured-img":"","footer-sml-layout":"","theme-transparent-header-meta":"default","adv-header-id-meta":"","stick-header-meta":"","header-above-stick-meta":"","header-main-stick-meta":"","header-below-stick-meta":"","footnotes":""},"categories":[1],"tags":[],"class_list":["post-3269","post","type-post","status-publish","format-standard","has-post-thumbnail","hentry","category-bez-kategorii"],"_links":{"self":[{"href":"https:\/\/gminachasno.pl\/index.php\/wp-json\/wp\/v2\/posts\/3269","targetHints":{"allow":["GET"]}}],"collection":[{"href":"https:\/\/gminachasno.pl\/index.php\/wp-json\/wp\/v2\/posts"}],"about":[{"href":"https:\/\/gminachasno.pl\/index.php\/wp-json\/wp\/v2\/types\/post"}],"author":[{"embeddable":true,"href":"https:\/\/gminachasno.pl\/index.php\/wp-json\/wp\/v2\/users\/2"}],"replies":[{"embeddable":true,"href":"https:\/\/gminachasno.pl\/index.php\/wp-json\/wp\/v2\/comments?post=3269"}],"version-history":[{"count":2,"href":"https:\/\/gminachasno.pl\/index.php\/wp-json\/wp\/v2\/posts\/3269\/revisions"}],"predecessor-version":[{"id":3272,"href":"https:\/\/gminachasno.pl\/index.php\/wp-json\/wp\/v2\/posts\/3269\/revisions\/3272"}],"wp:featuredmedia":[{"embeddable":true,"href":"https:\/\/gminachasno.pl\/index.php\/wp-json\/wp\/v2\/media\/3270"}],"wp:attachment":[{"href":"https:\/\/gminachasno.pl\/index.php\/wp-json\/wp\/v2\/media?parent=3269"}],"wp:term":[{"taxonomy":"category","embeddable":true,"href":"https:\/\/gminachasno.pl\/index.php\/wp-json\/wp\/v2\/categories?post=3269"},{"taxonomy":"post_tag","embeddable":true,"href":"https:\/\/gminachasno.pl\/index.php\/wp-json\/wp\/v2\/tags?post=3269"}],"curies":[{"name":"wp","href":"https:\/\/api.w.org\/{rel}","templated":true}]}}