{"id":3221,"date":"2023-02-28T14:38:26","date_gmt":"2023-02-28T13:38:26","guid":{"rendered":"https:\/\/gminachasno.pl\/?p=3221"},"modified":"2023-02-28T14:46:39","modified_gmt":"2023-02-28T13:46:39","slug":"wyrazy-glebokiego-wspolczucia-dla-rodziny-dlugoletniego-soltysa-wsi-karsznice-duze","status":"publish","type":"post","link":"https:\/\/gminachasno.pl\/index.php\/2023\/02\/28\/wyrazy-glebokiego-wspolczucia-dla-rodziny-dlugoletniego-soltysa-wsi-karsznice-duze\/","title":{"rendered":"Wyrazy g\u0142\u0119bokiego wsp\u00f3\u0142czucia dla Rodziny d\u0142ugoletniego so\u0142tysa wsi Karsznice Du\u017ce"},"content":{"rendered":"\n<figure class=\"wp-block-image alignfull size-full\"><img loading=\"lazy\" decoding=\"async\" width=\"986\" height=\"662\" src=\"https:\/\/gminachasno.pl\/wp-content\/uploads\/2023\/02\/kondolencje-GM-3.jpg\" alt=\"\" class=\"wp-image-3231\" srcset=\"https:\/\/gminachasno.pl\/wp-content\/uploads\/2023\/02\/kondolencje-GM-3.jpg 986w, https:\/\/gminachasno.pl\/wp-content\/uploads\/2023\/02\/kondolencje-GM-3-300x201.jpg 300w, https:\/\/gminachasno.pl\/wp-content\/uploads\/2023\/02\/kondolencje-GM-3-768x516.jpg 768w\" sizes=\"auto, (max-width: 986px) 100vw, 986px\" \/><\/figure>\n","protected":false},"excerpt":{"rendered":"","protected":false},"author":2,"featured_media":3224,"comment_status":"closed","ping_status":"closed","sticky":false,"template":"","format":"standard","meta":{"site-sidebar-layout":"default","site-content-layout":"default","ast-global-header-display":"","ast-main-header-display":"","ast-hfb-above-header-display":"","ast-hfb-below-header-display":"","ast-hfb-mobile-header-display":"","site-post-title":"","ast-breadcrumbs-content":"","ast-featured-img":"","footer-sml-layout":"","theme-transparent-header-meta":"default","adv-header-id-meta":"","stick-header-meta":"","header-above-stick-meta":"","header-main-stick-meta":"","header-below-stick-meta":"","footnotes":""},"categories":[1],"tags":[],"class_list":["post-3221","post","type-post","status-publish","format-standard","has-post-thumbnail","hentry","category-bez-kategorii"],"_links":{"self":[{"href":"https:\/\/gminachasno.pl\/index.php\/wp-json\/wp\/v2\/posts\/3221","targetHints":{"allow":["GET"]}}],"collection":[{"href":"https:\/\/gminachasno.pl\/index.php\/wp-json\/wp\/v2\/posts"}],"about":[{"href":"https:\/\/gminachasno.pl\/index.php\/wp-json\/wp\/v2\/types\/post"}],"author":[{"embeddable":true,"href":"https:\/\/gminachasno.pl\/index.php\/wp-json\/wp\/v2\/users\/2"}],"replies":[{"embeddable":true,"href":"https:\/\/gminachasno.pl\/index.php\/wp-json\/wp\/v2\/comments?post=3221"}],"version-history":[{"count":6,"href":"https:\/\/gminachasno.pl\/index.php\/wp-json\/wp\/v2\/posts\/3221\/revisions"}],"predecessor-version":[{"id":6630,"href":"https:\/\/gminachasno.pl\/index.php\/wp-json\/wp\/v2\/posts\/3221\/revisions\/6630"}],"wp:featuredmedia":[{"embeddable":true,"href":"https:\/\/gminachasno.pl\/index.php\/wp-json\/wp\/v2\/media\/3224"}],"wp:attachment":[{"href":"https:\/\/gminachasno.pl\/index.php\/wp-json\/wp\/v2\/media?parent=3221"}],"wp:term":[{"taxonomy":"category","embeddable":true,"href":"https:\/\/gminachasno.pl\/index.php\/wp-json\/wp\/v2\/categories?post=3221"},{"taxonomy":"post_tag","embeddable":true,"href":"https:\/\/gminachasno.pl\/index.php\/wp-json\/wp\/v2\/tags?post=3221"}],"curies":[{"name":"wp","href":"https:\/\/api.w.org\/{rel}","templated":true}]}}