{"id":3116,"date":"2023-01-09T10:57:51","date_gmt":"2023-01-09T09:57:51","guid":{"rendered":"https:\/\/gminachasno.pl\/?p=3116"},"modified":"2023-01-09T11:04:21","modified_gmt":"2023-01-09T10:04:21","slug":"akademia-liderow-wojewodztwa-lodzkiego","status":"publish","type":"post","link":"https:\/\/gminachasno.pl\/index.php\/2023\/01\/09\/akademia-liderow-wojewodztwa-lodzkiego\/","title":{"rendered":"\u201eAkademia Lider\u00f3w Wojew\u00f3dztwa \u0141\u00f3dzkiego\u201d"},"content":{"rendered":"\n<p>Narodowy Instytut Samorz\u0105du Terytorialnego (pa\u0144stwowa jednostka bud\u017cetowa, podleg\u0142a Ministrowi Spraw Wewn\u0119trznych i Administracji) wraz z Urz\u0119dem Marsza\u0142kowskim Wojew\u00f3dztwa \u0141\u00f3dzkiego zapraszaj\u0105 do udzia\u0142u w kolejnej edycji projektu pn. \u201eAkademia Lider\u00f3w Wojew\u00f3dztwa \u0141\u00f3dzkiego\u201d, kt\u00f3ry realizowany jest pod patronatem Marsza\u0142ka Wojew\u00f3dztwa \u0141\u00f3dzkiego Grzegorza Schreibera. Rekrutacja do projektu trwa do 7 lutego 2023 r.<\/p>\n\n\n\n<p>Celem Akademii Lider\u00f3w Wojew\u00f3dztwa \u0141\u00f3dzkiego jest przekazanie <a><\/a>wiedzy z zakresu funkcjonowania jednostek samorz\u0105du terytorialnego, budowy spo\u0142ecze\u0144stwa obywatelskiego oraz e-administracji, s\u0142u\u017c\u0105cej przygotowaniu uczestnik\u00f3w projektu do pe\u0142nienia funkcji lider\u00f3w w samorz\u0105dzie terytorialnym, organizacjach pozarz\u0105dowych oraz spo\u0142eczno\u015bciach lokalnych.<\/p>\n\n\n\n<p>Projekt, kt\u00f3ry potrwa od 4 marca 2023 r. do 15 grudnia 2023 r., ma charakter bezp\u0142atny i adresowany jest do os\u00f3b w przedziale wiekowym 18-30 lat (w szczeg\u00f3lno\u015bci m\u0142odych radnych, student\u00f3w, uczni\u00f3w, cz\u0142onk\u00f3w m\u0142odzie\u017cowych rad jednostek samorz\u0105du terytorialnego oraz m\u0142odzie\u017cy zaanga\u017cowanej w dzia\u0142alno\u015b\u0107 organizacji pozarz\u0105dowych).<\/p>\n\n\n\n<p>Szczeg\u00f3\u0142owe informacje znajduj\u0105 si\u0119 na stronie <a rel=\"noreferrer noopener\" href=\"https:\/\/l.facebook.com\/l.php?u=http%3A%2F%2Fwww.nist.gov.pl%2F%3Ffbclid%3DIwAR0bJgcoMQgJuvJVgPSbHTKytHeTNc97k0K2va1wU3CScfKIJX9K46q34tc&amp;h=AT1F3iOcUPcWiZJhzjVoOxkJppQvwUOfP3nZdnWSuwAkpvc1ZURYAoYK58qR0M98Ur69QvawnslyoPJkBIofF7-32mw5CLhhdawFHAMeedabW2Cayb_kt5X3d92pV-9D4oY&amp;__tn__=-UK-R&amp;c[0]=AT2aqGvZ9Q5ckGLh4hX_SI1ZahzLOO5EUeV_9USNTDOiJv2SOqMkI_DpkMQ7_3vImcL5tJrti8plec2UUyVCqdma0xeizhFZ8gX_tIle3bQ4VidL7Xp86z0aY-9_e1S4Hpzc-seZjP8OX5A-vooSkbpl14_tIg\" target=\"_blank\" class=\"ek-link\">www.nist.gov.pl<\/a> w zak\u0142adce \u201eAkademia Lider\u00f3w Wojew\u00f3dztwa \u0141\u00f3dzkiego\u201d.<\/p>\n\n\n\n<div class=\"wp-block-group is-layout-constrained wp-block-group-is-layout-constrained\"><div class=\"wp-block-group__inner-container\">\n<div class=\"wp-block-columns is-layout-flex wp-container-core-columns-is-layout-28f84493 wp-block-columns-is-layout-flex\">\n<div class=\"wp-block-column is-layout-flow wp-block-column-is-layout-flow\" style=\"flex-basis:100%\">\n<div class=\"wp-block-group is-layout-constrained wp-block-group-is-layout-constrained\"><div class=\"wp-block-group__inner-container\">\n<figure class=\"wp-block-gallery has-nested-images columns-default is-cropped wp-block-gallery-1 is-layout-flex wp-block-gallery-is-layout-flex\">\n<figure class=\"wp-block-image size-large\"><a href=\"https:\/\/gminachasno.pl\/wp-content\/uploads\/2023\/01\/0001.jpg\"><img loading=\"lazy\" decoding=\"async\" width=\"722\" height=\"1024\" data-id=\"3120\" src=\"https:\/\/gminachasno.pl\/wp-content\/uploads\/2023\/01\/0001-722x1024.jpg\" alt=\"\" class=\"wp-image-3120\" srcset=\"https:\/\/gminachasno.pl\/wp-content\/uploads\/2023\/01\/0001-722x1024.jpg 722w, https:\/\/gminachasno.pl\/wp-content\/uploads\/2023\/01\/0001-211x300.jpg 211w, https:\/\/gminachasno.pl\/wp-content\/uploads\/2023\/01\/0001-768x1089.jpg 768w, https:\/\/gminachasno.pl\/wp-content\/uploads\/2023\/01\/0001-1083x1536.jpg 1083w, https:\/\/gminachasno.pl\/wp-content\/uploads\/2023\/01\/0001-1444x2048.jpg 1444w, https:\/\/gminachasno.pl\/wp-content\/uploads\/2023\/01\/0001.jpg 1749w\" sizes=\"auto, (max-width: 722px) 100vw, 722px\" \/><\/a><\/figure>\n\n\n\n<figure class=\"wp-block-image size-large\"><a href=\"https:\/\/gminachasno.pl\/wp-content\/uploads\/2023\/01\/0002-1.jpg\"><img loading=\"lazy\" decoding=\"async\" width=\"722\" height=\"1024\" data-id=\"3123\" src=\"https:\/\/gminachasno.pl\/wp-content\/uploads\/2023\/01\/0002-1-722x1024.jpg\" alt=\"\" class=\"wp-image-3123\" srcset=\"https:\/\/gminachasno.pl\/wp-content\/uploads\/2023\/01\/0002-1-722x1024.jpg 722w, https:\/\/gminachasno.pl\/wp-content\/uploads\/2023\/01\/0002-1-211x300.jpg 211w, https:\/\/gminachasno.pl\/wp-content\/uploads\/2023\/01\/0002-1-768x1089.jpg 768w, https:\/\/gminachasno.pl\/wp-content\/uploads\/2023\/01\/0002-1-1083x1536.jpg 1083w, https:\/\/gminachasno.pl\/wp-content\/uploads\/2023\/01\/0002-1-1444x2048.jpg 1444w, https:\/\/gminachasno.pl\/wp-content\/uploads\/2023\/01\/0002-1.jpg 1749w\" sizes=\"auto, (max-width: 722px) 100vw, 722px\" \/><\/a><\/figure>\n\n\n\n<figure class=\"wp-block-image size-large\"><a href=\"https:\/\/gminachasno.pl\/wp-content\/uploads\/2023\/01\/0003.jpg\"><img loading=\"lazy\" decoding=\"async\" width=\"722\" height=\"1024\" data-id=\"3122\" src=\"https:\/\/gminachasno.pl\/wp-content\/uploads\/2023\/01\/0003-722x1024.jpg\" alt=\"\" class=\"wp-image-3122\" srcset=\"https:\/\/gminachasno.pl\/wp-content\/uploads\/2023\/01\/0003-722x1024.jpg 722w, https:\/\/gminachasno.pl\/wp-content\/uploads\/2023\/01\/0003-211x300.jpg 211w, https:\/\/gminachasno.pl\/wp-content\/uploads\/2023\/01\/0003-768x1089.jpg 768w, https:\/\/gminachasno.pl\/wp-content\/uploads\/2023\/01\/0003-1083x1536.jpg 1083w, https:\/\/gminachasno.pl\/wp-content\/uploads\/2023\/01\/0003-1444x2048.jpg 1444w, https:\/\/gminachasno.pl\/wp-content\/uploads\/2023\/01\/0003.jpg 1749w\" sizes=\"auto, (max-width: 722px) 100vw, 722px\" \/><\/a><\/figure>\n\n\n\n<figure class=\"wp-block-image size-large\"><a href=\"https:\/\/gminachasno.pl\/wp-content\/uploads\/2023\/01\/0004.jpg\"><img loading=\"lazy\" decoding=\"async\" width=\"722\" height=\"1024\" data-id=\"3121\" src=\"https:\/\/gminachasno.pl\/wp-content\/uploads\/2023\/01\/0004-722x1024.jpg\" alt=\"\" class=\"wp-image-3121\" srcset=\"https:\/\/gminachasno.pl\/wp-content\/uploads\/2023\/01\/0004-722x1024.jpg 722w, https:\/\/gminachasno.pl\/wp-content\/uploads\/2023\/01\/0004-211x300.jpg 211w, https:\/\/gminachasno.pl\/wp-content\/uploads\/2023\/01\/0004-768x1089.jpg 768w, https:\/\/gminachasno.pl\/wp-content\/uploads\/2023\/01\/0004-1083x1536.jpg 1083w, https:\/\/gminachasno.pl\/wp-content\/uploads\/2023\/01\/0004-1444x2048.jpg 1444w, https:\/\/gminachasno.pl\/wp-content\/uploads\/2023\/01\/0004.jpg 1749w\" sizes=\"auto, (max-width: 722px) 100vw, 722px\" \/><\/a><\/figure>\n<\/figure>\n<\/div><\/div>\n<\/div>\n<\/div>\n<\/div><\/div>\n","protected":false},"excerpt":{"rendered":"<p>Narodowy Instytut Samorz\u0105du Terytorialnego (pa\u0144stwowa jednostka bud\u017cetowa, podleg\u0142a Ministrowi Spraw Wewn\u0119trznych i Administracji) wraz z Urz\u0119dem Marsza\u0142kowskim Wojew\u00f3dztwa \u0141\u00f3dzkiego zapraszaj\u0105 do udzia\u0142u w kolejnej edycji projektu pn. \u201eAkademia Lider\u00f3w Wojew\u00f3dztwa \u0141\u00f3dzkiego\u201d, kt\u00f3ry realizowany jest pod patronatem Marsza\u0142ka Wojew\u00f3dztwa \u0141\u00f3dzkiego Grzegorza Schreibera. Rekrutacja do projektu trwa do 7 lutego 2023 r. Celem Akademii Lider\u00f3w Wojew\u00f3dztwa \u0141\u00f3dzkiego &hellip;<\/p>\n<p class=\"read-more\"> <a class=\"\" href=\"https:\/\/gminachasno.pl\/index.php\/2023\/01\/09\/akademia-liderow-wojewodztwa-lodzkiego\/\"> <span class=\"screen-reader-text\">\u201eAkademia Lider\u00f3w Wojew\u00f3dztwa \u0141\u00f3dzkiego\u201d<\/span> Read More &raquo;<\/a><\/p>\n","protected":false},"author":2,"featured_media":3117,"comment_status":"closed","ping_status":"closed","sticky":false,"template":"","format":"gallery","meta":{"site-sidebar-layout":"default","site-content-layout":"default","ast-global-header-display":"","ast-main-header-display":"","ast-hfb-above-header-display":"","ast-hfb-below-header-display":"","ast-hfb-mobile-header-display":"","site-post-title":"","ast-breadcrumbs-content":"","ast-featured-img":"","footer-sml-layout":"","theme-transparent-header-meta":"default","adv-header-id-meta":"","stick-header-meta":"","header-above-stick-meta":"","header-main-stick-meta":"","header-below-stick-meta":"","footnotes":""},"categories":[1],"tags":[],"class_list":["post-3116","post","type-post","status-publish","format-gallery","has-post-thumbnail","hentry","category-bez-kategorii","post_format-post-format-gallery"],"_links":{"self":[{"href":"https:\/\/gminachasno.pl\/index.php\/wp-json\/wp\/v2\/posts\/3116","targetHints":{"allow":["GET"]}}],"collection":[{"href":"https:\/\/gminachasno.pl\/index.php\/wp-json\/wp\/v2\/posts"}],"about":[{"href":"https:\/\/gminachasno.pl\/index.php\/wp-json\/wp\/v2\/types\/post"}],"author":[{"embeddable":true,"href":"https:\/\/gminachasno.pl\/index.php\/wp-json\/wp\/v2\/users\/2"}],"replies":[{"embeddable":true,"href":"https:\/\/gminachasno.pl\/index.php\/wp-json\/wp\/v2\/comments?post=3116"}],"version-history":[{"count":3,"href":"https:\/\/gminachasno.pl\/index.php\/wp-json\/wp\/v2\/posts\/3116\/revisions"}],"predecessor-version":[{"id":3126,"href":"https:\/\/gminachasno.pl\/index.php\/wp-json\/wp\/v2\/posts\/3116\/revisions\/3126"}],"wp:featuredmedia":[{"embeddable":true,"href":"https:\/\/gminachasno.pl\/index.php\/wp-json\/wp\/v2\/media\/3117"}],"wp:attachment":[{"href":"https:\/\/gminachasno.pl\/index.php\/wp-json\/wp\/v2\/media?parent=3116"}],"wp:term":[{"taxonomy":"category","embeddable":true,"href":"https:\/\/gminachasno.pl\/index.php\/wp-json\/wp\/v2\/categories?post=3116"},{"taxonomy":"post_tag","embeddable":true,"href":"https:\/\/gminachasno.pl\/index.php\/wp-json\/wp\/v2\/tags?post=3116"}],"curies":[{"name":"wp","href":"https:\/\/api.w.org\/{rel}","templated":true}]}}