{"id":2430,"date":"2022-02-27T12:38:18","date_gmt":"2022-02-27T11:38:18","guid":{"rendered":"https:\/\/gminachasno.pl\/?p=2430"},"modified":"2022-02-27T12:42:51","modified_gmt":"2022-02-27T11:42:51","slug":"informacje-dla-darczyncow","status":"publish","type":"post","link":"https:\/\/gminachasno.pl\/index.php\/2022\/02\/27\/informacje-dla-darczyncow\/","title":{"rendered":"Informacje dla darczy\u0144c\u00f3w"},"content":{"rendered":"\n<p class=\"has-text-align-justify\">    W zwi\u0105zku z informacj\u0105 Wojewody \u0141\u00f3dzkiego informujemy, i\u017c trwaj\u0105 prace maj\u0105ce na celu kompleksowe zorganizowanie transport\u00f3w z darami dla Ukrainy. Obecnie ze wzgl\u0119du na bardzo du\u017c\u0105 ilo\u015b\u0107 tego typu transport\u00f3w pojawiaj\u0105 si\u0119 problemy na granicy z optymalnym ich wykorzystaniem. W zwi\u0105zku z powy\u017cszym, zwracamy si\u0119 z pro\u015bb\u0105 aby dary z&nbsp; prowadzonych zbi\u00f3rek z terenu Gminy Ch\u0105\u015bno przywozi\u0107 do budynku gospodarczego obok Urz\u0119du Gminy. Zgromadzone przedmioty b\u0119d\u0105 wykorzystywane&nbsp; do zaspokajania potrzeb obywateli Ukrainy, kt\u00f3rzy ju\u017c znajduj\u0105 si\u0119 na terenie wojew\u00f3dztwa \u0142\u00f3dzkiego lub przechowywane do czasu zako\u0144czenia prac nad programem.<\/p>\n\n\n\n<p class=\"has-text-align-justify\">    Dary mieszka\u0144cy mog\u0105 przynosi\u0107 tak\u017ce bezpo\u015brednio do budynku (gara\u017cu) obok Urz\u0119du. Ch\u0119tnych prosimy o \u017cywno\u015b\u0107 d\u0142ugoterminowa,&nbsp; gotow\u0105 do spo\u017cycia, np. wszelkie konserwy, dania gotowe w s\u0142oikach&nbsp; szybkie zupki itp.&nbsp;<\/p>\n\n\n\n<p class=\"has-text-align-justify\">    Zbierane s\u0105 tak\u017ce koce termiczne, \u015bpiwory, materace, nowe lub niezniszczone ubrania, kosmetyki do mycia, pampersy, podpaski, r\u0119czniki papierowe, zestawy kuchenne wielokrotnego u\u017cytku, \u015brodki antyseptyczne, maseczki, woda butelkowana, \u017cywno\u015b\u0107 do szybkiego gotowania, batony energetyczne, suszone owoce, mleko modyfikowane dla dzieci, konserwy, zapa\u0142ki, baterie, zapalniczki czy \u015bwiece.&nbsp;<\/p>\n\n\n\n<p>    Dary mo\u017cna przywozi\u0107 w dni robocze w godz. 8.00-15.00. &nbsp;<\/p>\n","protected":false},"excerpt":{"rendered":"<p>W zwi\u0105zku z informacj\u0105 Wojewody \u0141\u00f3dzkiego informujemy, i\u017c trwaj\u0105 prace maj\u0105ce na celu kompleksowe zorganizowanie transport\u00f3w z darami dla Ukrainy. Obecnie ze wzgl\u0119du na bardzo du\u017c\u0105 ilo\u015b\u0107 tego typu transport\u00f3w pojawiaj\u0105 si\u0119 problemy na granicy z optymalnym ich wykorzystaniem. W zwi\u0105zku z powy\u017cszym, zwracamy si\u0119 z pro\u015bb\u0105 aby dary z&nbsp; prowadzonych zbi\u00f3rek z terenu Gminy &hellip;<\/p>\n<p class=\"read-more\"> <a class=\"\" href=\"https:\/\/gminachasno.pl\/index.php\/2022\/02\/27\/informacje-dla-darczyncow\/\"> <span class=\"screen-reader-text\">Informacje dla darczy\u0144c\u00f3w<\/span> Read More &raquo;<\/a><\/p>\n","protected":false},"author":2,"featured_media":2434,"comment_status":"closed","ping_status":"closed","sticky":false,"template":"","format":"standard","meta":{"site-sidebar-layout":"default","site-content-layout":"default","ast-global-header-display":"","ast-main-header-display":"","ast-hfb-above-header-display":"","ast-hfb-below-header-display":"","ast-hfb-mobile-header-display":"","site-post-title":"","ast-breadcrumbs-content":"","ast-featured-img":"","footer-sml-layout":"","theme-transparent-header-meta":"default","adv-header-id-meta":"","stick-header-meta":"","header-above-stick-meta":"","header-main-stick-meta":"","header-below-stick-meta":"","footnotes":""},"categories":[1],"tags":[],"class_list":["post-2430","post","type-post","status-publish","format-standard","has-post-thumbnail","hentry","category-bez-kategorii"],"_links":{"self":[{"href":"https:\/\/gminachasno.pl\/index.php\/wp-json\/wp\/v2\/posts\/2430","targetHints":{"allow":["GET"]}}],"collection":[{"href":"https:\/\/gminachasno.pl\/index.php\/wp-json\/wp\/v2\/posts"}],"about":[{"href":"https:\/\/gminachasno.pl\/index.php\/wp-json\/wp\/v2\/types\/post"}],"author":[{"embeddable":true,"href":"https:\/\/gminachasno.pl\/index.php\/wp-json\/wp\/v2\/users\/2"}],"replies":[{"embeddable":true,"href":"https:\/\/gminachasno.pl\/index.php\/wp-json\/wp\/v2\/comments?post=2430"}],"version-history":[{"count":3,"href":"https:\/\/gminachasno.pl\/index.php\/wp-json\/wp\/v2\/posts\/2430\/revisions"}],"predecessor-version":[{"id":2435,"href":"https:\/\/gminachasno.pl\/index.php\/wp-json\/wp\/v2\/posts\/2430\/revisions\/2435"}],"wp:featuredmedia":[{"embeddable":true,"href":"https:\/\/gminachasno.pl\/index.php\/wp-json\/wp\/v2\/media\/2434"}],"wp:attachment":[{"href":"https:\/\/gminachasno.pl\/index.php\/wp-json\/wp\/v2\/media?parent=2430"}],"wp:term":[{"taxonomy":"category","embeddable":true,"href":"https:\/\/gminachasno.pl\/index.php\/wp-json\/wp\/v2\/categories?post=2430"},{"taxonomy":"post_tag","embeddable":true,"href":"https:\/\/gminachasno.pl\/index.php\/wp-json\/wp\/v2\/tags?post=2430"}],"curies":[{"name":"wp","href":"https:\/\/api.w.org\/{rel}","templated":true}]}}