{"id":2217,"date":"2021-12-08T14:42:43","date_gmt":"2021-12-08T13:42:43","guid":{"rendered":"https:\/\/gminachasno.pl\/?p=2217"},"modified":"2021-12-08T15:03:59","modified_gmt":"2021-12-08T14:03:59","slug":"konkurs-dla-kol-gospodyn-wiejskich-o-nagrode-malzonki-prezydenta-rp-ii-edycja","status":"publish","type":"post","link":"https:\/\/gminachasno.pl\/index.php\/2021\/12\/08\/konkurs-dla-kol-gospodyn-wiejskich-o-nagrode-malzonki-prezydenta-rp-ii-edycja\/","title":{"rendered":"Konkurs dla K\u00f3\u0142 Gospody\u0144 Wiejskich o Nagrod\u0119 Ma\u0142\u017conki Prezydenta RP \u2013 II EDYCJA"},"content":{"rendered":"\n<div class=\"wp-block-image\"><figure class=\"aligncenter size-full\"><img loading=\"lazy\" decoding=\"async\" width=\"897\" height=\"771\" src=\"http:\/\/gminachasno.pl\/wp-content\/uploads\/2021\/12\/logo-konkurs-kgw-1.jpg\" alt=\"\" class=\"wp-image-2223\" srcset=\"https:\/\/gminachasno.pl\/wp-content\/uploads\/2021\/12\/logo-konkurs-kgw-1.jpg 897w, https:\/\/gminachasno.pl\/wp-content\/uploads\/2021\/12\/logo-konkurs-kgw-1-300x258.jpg 300w, https:\/\/gminachasno.pl\/wp-content\/uploads\/2021\/12\/logo-konkurs-kgw-1-768x660.jpg 768w\" sizes=\"auto, (max-width: 897px) 100vw, 897px\" \/><\/figure><\/div>\n\n\n\n<p>Konkurs dla K\u00f3\u0142 Gospody\u0144 Wiejskich o Nagrod\u0119 Ma\u0142\u017conki Prezydenta RP organizowany jest przez Kancelari\u0119 Prezydenta Rzeczypospolitej Polskiej. Zainicjowany przez Ma\u0142\u017conk\u0119 Prezydenta RP \u2013&nbsp;Agat\u0119 Kornhauser-Dud\u0119, zosta\u0142 obj\u0119ty Jej Honorowym Patronatem.<\/p>\n\n\n\n<p>Celem konkursu jest promocja i prezentacja wielop\u0142aszczyznowej dzia\u0142alno\u015bci K\u00f3\u0142 Gospody\u0144 Wiejskich w zakresie spo\u0142ecznym, kulturalnym oraz edukacyjnym.<\/p>\n\n\n\n<p>Tematem przewodnim II edycji konkursu b\u0119d\u0105 <strong>\u201eOstatki w polskiej tradycji\u201d<\/strong>.<\/p>\n\n\n\n<p>Uczestnikami konkursu mog\u0105 by\u0107 Ko\u0142a Gospody\u0144\u0301 Wiejskich:<\/p>\n\n\n\n<ul class=\"wp-block-list\"><li>wpisane do Krajowego Rejestru K\u00f3\u0142 Gospody\u0144 Wiejskich, o kt\u00f3rych mowa w ustawie z dnia 9 listopada 2018 r. o ko\u0142ach gospody\u0144 wiejskich (Dz.U. 2018 r. poz. 2212 z p\u00f3\u017an. zm.);<\/li><li>dzia\u0142aj\u0105ce na podstawie ustawy z dnia 8 pa\u017adziernika 1982 r. o spo\u0142eczno-zawodowych organizacjach rolnik\u00f3w (Dz.U. z 2019 r. poz. 491);<\/li><li>stowarzyszenia skupiaj\u0105ce kobiety z teren\u00f3w wiejskich, kt\u00f3rych statutowym celem dzia\u0142ania jest w szczeg\u00f3lno\u015bci rozw\u00f3j kultury ludowej, promocja i piel\u0119gnowanie lokalnych tradycji kulinarnych, a tak\u017ce dzia\u0142alno\u015b\u0107 wspomagaj\u0105ca rozw\u00f3j wsp\u00f3lnot&nbsp;i spo\u0142eczno\u015bci lokalnych.<\/li><\/ul>\n\n\n\n<p>Uczestnikami II edycji nie mog\u0105 by\u0107 Ko\u0142a b\u0119d\u0105ce Laureatami etapu og\u00f3lnopolskiego (miejsca I \u2013 III) poprzedniej edycji konkursu.<\/p>\n\n\n\n<p>Konkurs zostanie przeprowadzony w dw\u00f3ch etapach: <a href=\"https:\/\/www.prezydent.pl\/pierwsza-dama\/konkurskgw\/etap-wojewodzki\/\">wojew\u00f3dzkim <\/a>i <a href=\"https:\/\/www.prezydent.pl\/pierwsza-dama\/konkurskgw\/etap-ogolnopolski\/\">og\u00f3lnopolskim. <\/a>Nab\u00f3r do etapu wojew\u00f3dzkiego nast\u0105pi w terminie od 20 listopada 2021 r. do 28 lutego 2022 r.<\/p>\n\n\n\n<p>Og\u0142oszenie zwyci\u0119zc\u00f3w konkursu oraz wr\u0119czenie nagr\u00f3d nast\u0105pi podczas Do\u017cynek Prezydenckich 2022 w Pa\u0142acu Prezydenckim w Warszawie. Szczeg\u00f3\u0142y dotycz\u0105ce Konkursu i formularz zg\u0142oszeniowy dost\u0119pny na stronie: <a href=\"https:\/\/www.prezydent.pl\/malzonka-prezydenta\/inicjatywy\/konkurs-dla-kol-gospodyn-wiejskich-o-nagrode-malzonki-prezydenta-rp\/ii-edycja\" class=\"ek-link\">&lt;&lt;KLIKNIJ tutaj&gt;&gt;<\/a><\/p>\n","protected":false},"excerpt":{"rendered":"<p>Konkurs dla K\u00f3\u0142 Gospody\u0144 Wiejskich o Nagrod\u0119 Ma\u0142\u017conki Prezydenta RP organizowany jest przez Kancelari\u0119 Prezydenta Rzeczypospolitej Polskiej. Zainicjowany przez Ma\u0142\u017conk\u0119 Prezydenta RP \u2013&nbsp;Agat\u0119 Kornhauser-Dud\u0119, zosta\u0142 obj\u0119ty Jej Honorowym Patronatem. Celem konkursu jest promocja i prezentacja wielop\u0142aszczyznowej dzia\u0142alno\u015bci K\u00f3\u0142 Gospody\u0144 Wiejskich w zakresie spo\u0142ecznym, kulturalnym oraz edukacyjnym. Tematem przewodnim II edycji konkursu b\u0119d\u0105 \u201eOstatki w polskiej &hellip;<\/p>\n<p class=\"read-more\"> <a class=\"\" href=\"https:\/\/gminachasno.pl\/index.php\/2021\/12\/08\/konkurs-dla-kol-gospodyn-wiejskich-o-nagrode-malzonki-prezydenta-rp-ii-edycja\/\"> <span class=\"screen-reader-text\">Konkurs dla K\u00f3\u0142 Gospody\u0144 Wiejskich o Nagrod\u0119 Ma\u0142\u017conki Prezydenta RP \u2013 II EDYCJA<\/span> Read More &raquo;<\/a><\/p>\n","protected":false},"author":2,"featured_media":2223,"comment_status":"closed","ping_status":"closed","sticky":false,"template":"","format":"standard","meta":{"site-sidebar-layout":"default","site-content-layout":"default","ast-global-header-display":"","ast-main-header-display":"","ast-hfb-above-header-display":"","ast-hfb-below-header-display":"","ast-hfb-mobile-header-display":"","site-post-title":"","ast-breadcrumbs-content":"","ast-featured-img":"","footer-sml-layout":"","theme-transparent-header-meta":"default","adv-header-id-meta":"","stick-header-meta":"","header-above-stick-meta":"","header-main-stick-meta":"","header-below-stick-meta":"","footnotes":""},"categories":[1],"tags":[],"class_list":["post-2217","post","type-post","status-publish","format-standard","has-post-thumbnail","hentry","category-bez-kategorii"],"_links":{"self":[{"href":"https:\/\/gminachasno.pl\/index.php\/wp-json\/wp\/v2\/posts\/2217","targetHints":{"allow":["GET"]}}],"collection":[{"href":"https:\/\/gminachasno.pl\/index.php\/wp-json\/wp\/v2\/posts"}],"about":[{"href":"https:\/\/gminachasno.pl\/index.php\/wp-json\/wp\/v2\/types\/post"}],"author":[{"embeddable":true,"href":"https:\/\/gminachasno.pl\/index.php\/wp-json\/wp\/v2\/users\/2"}],"replies":[{"embeddable":true,"href":"https:\/\/gminachasno.pl\/index.php\/wp-json\/wp\/v2\/comments?post=2217"}],"version-history":[{"count":5,"href":"https:\/\/gminachasno.pl\/index.php\/wp-json\/wp\/v2\/posts\/2217\/revisions"}],"predecessor-version":[{"id":2225,"href":"https:\/\/gminachasno.pl\/index.php\/wp-json\/wp\/v2\/posts\/2217\/revisions\/2225"}],"wp:featuredmedia":[{"embeddable":true,"href":"https:\/\/gminachasno.pl\/index.php\/wp-json\/wp\/v2\/media\/2223"}],"wp:attachment":[{"href":"https:\/\/gminachasno.pl\/index.php\/wp-json\/wp\/v2\/media?parent=2217"}],"wp:term":[{"taxonomy":"category","embeddable":true,"href":"https:\/\/gminachasno.pl\/index.php\/wp-json\/wp\/v2\/categories?post=2217"},{"taxonomy":"post_tag","embeddable":true,"href":"https:\/\/gminachasno.pl\/index.php\/wp-json\/wp\/v2\/tags?post=2217"}],"curies":[{"name":"wp","href":"https:\/\/api.w.org\/{rel}","templated":true}]}}