{"id":1982,"date":"2021-08-20T09:13:01","date_gmt":"2021-08-20T07:13:01","guid":{"rendered":"https:\/\/gminachasno.pl\/?p=1982"},"modified":"2021-08-20T09:13:02","modified_gmt":"2021-08-20T07:13:02","slug":"szkolenie-maly-zus-plus-zasady-ustalania-podstawy-wymiaru-skladek","status":"publish","type":"post","link":"https:\/\/gminachasno.pl\/index.php\/2021\/08\/20\/szkolenie-maly-zus-plus-zasady-ustalania-podstawy-wymiaru-skladek\/","title":{"rendered":"Szkolenie: \u201eMa\u0142y ZUS Plus &#8211; zasady ustalania podstawy wymiaru sk\u0142adek\u201d"},"content":{"rendered":"\n<p>Szkolenie odb\u0119dzie si\u0119 w&nbsp;<strong>\u015brod\u0119&nbsp;<\/strong><strong>25<\/strong><strong>&nbsp;sierpnia o godz. 10:00.<\/strong><\/p>\n\n\n\n<p>Szkolenie przeznaczone jest dla wszystkich klient\u00f3w, bez wzgl\u0119du na ich miejsce zamieszkania. &nbsp;<\/p>\n\n\n\n<p>Szczeg\u00f3\u0142y pod linkiem. <a rel=\"noreferrer noopener\" target=\"_blank\" href=\"https:\/\/www.zus.pl\/o-zus\/kalendarium\/szkolenia\/-\/event\/1\/maly-zus-plus-zasady-ustalania-podstawy-wymiaru-skladek\/4152201\">https:\/\/www.zus.pl\/o-zus\/kalendarium\/szkolenia\/-\/event\/1\/maly-zus-plus-zasady-ustalania-podstawy-wymiaru-skladek\/4152201<\/a><\/p>\n\n\n\n<figure class=\"wp-block-image size-large\"><img loading=\"lazy\" decoding=\"async\" width=\"724\" height=\"1024\" src=\"https:\/\/gminachasno.pl\/wp-content\/uploads\/2021\/08\/Szkolenie-WEBEX-Maly-ZUS-plus-wersja-na-zewnatrz-724x1024.jpg\" alt=\"\" class=\"wp-image-1983\" srcset=\"https:\/\/gminachasno.pl\/wp-content\/uploads\/2021\/08\/Szkolenie-WEBEX-Maly-ZUS-plus-wersja-na-zewnatrz-724x1024.jpg 724w, https:\/\/gminachasno.pl\/wp-content\/uploads\/2021\/08\/Szkolenie-WEBEX-Maly-ZUS-plus-wersja-na-zewnatrz-212x300.jpg 212w, https:\/\/gminachasno.pl\/wp-content\/uploads\/2021\/08\/Szkolenie-WEBEX-Maly-ZUS-plus-wersja-na-zewnatrz-768x1086.jpg 768w, https:\/\/gminachasno.pl\/wp-content\/uploads\/2021\/08\/Szkolenie-WEBEX-Maly-ZUS-plus-wersja-na-zewnatrz-1086x1536.jpg 1086w, https:\/\/gminachasno.pl\/wp-content\/uploads\/2021\/08\/Szkolenie-WEBEX-Maly-ZUS-plus-wersja-na-zewnatrz-1448x2048.jpg 1448w, https:\/\/gminachasno.pl\/wp-content\/uploads\/2021\/08\/Szkolenie-WEBEX-Maly-ZUS-plus-wersja-na-zewnatrz.jpg 1654w\" sizes=\"auto, (max-width: 724px) 100vw, 724px\" \/><\/figure>\n","protected":false},"excerpt":{"rendered":"<p>Szkolenie odb\u0119dzie si\u0119 w&nbsp;\u015brod\u0119&nbsp;25&nbsp;sierpnia o godz. 10:00. Szkolenie przeznaczone jest dla wszystkich klient\u00f3w, bez wzgl\u0119du na ich miejsce zamieszkania. &nbsp; Szczeg\u00f3\u0142y pod linkiem. https:\/\/www.zus.pl\/o-zus\/kalendarium\/szkolenia\/-\/event\/1\/maly-zus-plus-zasady-ustalania-podstawy-wymiaru-skladek\/4152201<\/p>\n","protected":false},"author":2,"featured_media":1856,"comment_status":"closed","ping_status":"closed","sticky":false,"template":"","format":"standard","meta":{"site-sidebar-layout":"default","site-content-layout":"default","ast-global-header-display":"","ast-main-header-display":"","ast-hfb-above-header-display":"","ast-hfb-below-header-display":"","ast-hfb-mobile-header-display":"","site-post-title":"","ast-breadcrumbs-content":"","ast-featured-img":"","footer-sml-layout":"","theme-transparent-header-meta":"default","adv-header-id-meta":"","stick-header-meta":"","header-above-stick-meta":"","header-main-stick-meta":"","header-below-stick-meta":"","footnotes":""},"categories":[1],"tags":[],"class_list":["post-1982","post","type-post","status-publish","format-standard","has-post-thumbnail","hentry","category-bez-kategorii"],"_links":{"self":[{"href":"https:\/\/gminachasno.pl\/index.php\/wp-json\/wp\/v2\/posts\/1982","targetHints":{"allow":["GET"]}}],"collection":[{"href":"https:\/\/gminachasno.pl\/index.php\/wp-json\/wp\/v2\/posts"}],"about":[{"href":"https:\/\/gminachasno.pl\/index.php\/wp-json\/wp\/v2\/types\/post"}],"author":[{"embeddable":true,"href":"https:\/\/gminachasno.pl\/index.php\/wp-json\/wp\/v2\/users\/2"}],"replies":[{"embeddable":true,"href":"https:\/\/gminachasno.pl\/index.php\/wp-json\/wp\/v2\/comments?post=1982"}],"version-history":[{"count":2,"href":"https:\/\/gminachasno.pl\/index.php\/wp-json\/wp\/v2\/posts\/1982\/revisions"}],"predecessor-version":[{"id":1985,"href":"https:\/\/gminachasno.pl\/index.php\/wp-json\/wp\/v2\/posts\/1982\/revisions\/1985"}],"wp:featuredmedia":[{"embeddable":true,"href":"https:\/\/gminachasno.pl\/index.php\/wp-json\/wp\/v2\/media\/1856"}],"wp:attachment":[{"href":"https:\/\/gminachasno.pl\/index.php\/wp-json\/wp\/v2\/media?parent=1982"}],"wp:term":[{"taxonomy":"category","embeddable":true,"href":"https:\/\/gminachasno.pl\/index.php\/wp-json\/wp\/v2\/categories?post=1982"},{"taxonomy":"post_tag","embeddable":true,"href":"https:\/\/gminachasno.pl\/index.php\/wp-json\/wp\/v2\/tags?post=1982"}],"curies":[{"name":"wp","href":"https:\/\/api.w.org\/{rel}","templated":true}]}}