{"id":1972,"date":"2021-08-18T13:38:19","date_gmt":"2021-08-18T11:38:19","guid":{"rendered":"https:\/\/gminachasno.pl\/?p=1972"},"modified":"2021-08-18T13:57:29","modified_gmt":"2021-08-18T11:57:29","slug":"praca-sezonowa-z-eures","status":"publish","type":"post","link":"https:\/\/gminachasno.pl\/index.php\/2021\/08\/18\/praca-sezonowa-z-eures\/","title":{"rendered":"Praca sezonowa z EURES"},"content":{"rendered":"\n<p>Europejska Sie\u0107 S\u0142u\u017cb Zatrudnienia &#8211; EURES prowadzi kampani\u0119 informacyjn\u0105 nt. pracy sezonowej w UE w ramach og\u00f3lnoeuropejskiej kampanii informacyjnej koordynowanej przez Europejskiego Urz\u0119du ds. Pracy. Celem kampanii jest podniesienie \u015bwiadomo\u015bci w\u015br\u00f3d os\u00f3b poszukuj\u0105cych pracy i pracodawc\u00f3w na temat ich praw, obowi\u0105zk\u00f3w i mo\u017cliwo\u015bci.<\/p>\n\n\n\n<div data-wp-interactive=\"core\/file\" class=\"wp-block-file\"><object data-wp-bind--hidden=\"!state.hasPdfPreview\" hidden class=\"wp-block-file__embed\" data=\"https:\/\/gminachasno.pl\/wp-content\/uploads\/2021\/08\/Nowe-plakaty_23.07.2021.pdf\" type=\"application\/pdf\" style=\"width:100%;height:600px\" aria-label=\"Osadzone z Osadzone z Nowe-plakaty_23.07.2021..\"><\/object><a href=\"https:\/\/gminachasno.pl\/wp-content\/uploads\/2021\/08\/Nowe-plakaty_23.07.2021.pdf\">Nowe-plakaty_23.07.2021<\/a><a href=\"https:\/\/gminachasno.pl\/wp-content\/uploads\/2021\/08\/Nowe-plakaty_23.07.2021.pdf\" class=\"wp-block-file__button\" download>Pobierz<\/a><\/div>\n\n\n\n<div data-wp-interactive=\"core\/file\" class=\"wp-block-file\"><object data-wp-bind--hidden=\"!state.hasPdfPreview\" hidden class=\"wp-block-file__embed\" data=\"https:\/\/gminachasno.pl\/wp-content\/uploads\/2021\/08\/Notatka-prasowa.pdf\" type=\"application\/pdf\" style=\"width:100%;height:600px\" aria-label=\"Osadzone z Osadzone z Notatka-prasowa..\"><\/object><a href=\"https:\/\/gminachasno.pl\/wp-content\/uploads\/2021\/08\/Notatka-prasowa.pdf\">Notatka-prasowa<\/a><a href=\"https:\/\/gminachasno.pl\/wp-content\/uploads\/2021\/08\/Notatka-prasowa.pdf\" class=\"wp-block-file__button\" download>Pobierz<\/a><\/div>\n","protected":false},"excerpt":{"rendered":"<p>Europejska Sie\u0107 S\u0142u\u017cb Zatrudnienia &#8211; EURES prowadzi kampani\u0119 informacyjn\u0105 nt. pracy sezonowej w UE w ramach og\u00f3lnoeuropejskiej kampanii informacyjnej koordynowanej przez Europejskiego Urz\u0119du ds. Pracy. Celem kampanii jest podniesienie \u015bwiadomo\u015bci w\u015br\u00f3d os\u00f3b poszukuj\u0105cych pracy i pracodawc\u00f3w na temat ich praw, obowi\u0105zk\u00f3w i mo\u017cliwo\u015bci.<\/p>\n","protected":false},"author":2,"featured_media":1974,"comment_status":"closed","ping_status":"closed","sticky":false,"template":"","format":"standard","meta":{"site-sidebar-layout":"default","site-content-layout":"default","ast-global-header-display":"","ast-main-header-display":"","ast-hfb-above-header-display":"","ast-hfb-below-header-display":"","ast-hfb-mobile-header-display":"","site-post-title":"","ast-breadcrumbs-content":"","ast-featured-img":"","footer-sml-layout":"","theme-transparent-header-meta":"default","adv-header-id-meta":"","stick-header-meta":"","header-above-stick-meta":"","header-main-stick-meta":"","header-below-stick-meta":"","footnotes":""},"categories":[1],"tags":[],"class_list":["post-1972","post","type-post","status-publish","format-standard","has-post-thumbnail","hentry","category-bez-kategorii"],"_links":{"self":[{"href":"https:\/\/gminachasno.pl\/index.php\/wp-json\/wp\/v2\/posts\/1972","targetHints":{"allow":["GET"]}}],"collection":[{"href":"https:\/\/gminachasno.pl\/index.php\/wp-json\/wp\/v2\/posts"}],"about":[{"href":"https:\/\/gminachasno.pl\/index.php\/wp-json\/wp\/v2\/types\/post"}],"author":[{"embeddable":true,"href":"https:\/\/gminachasno.pl\/index.php\/wp-json\/wp\/v2\/users\/2"}],"replies":[{"embeddable":true,"href":"https:\/\/gminachasno.pl\/index.php\/wp-json\/wp\/v2\/comments?post=1972"}],"version-history":[{"count":2,"href":"https:\/\/gminachasno.pl\/index.php\/wp-json\/wp\/v2\/posts\/1972\/revisions"}],"predecessor-version":[{"id":1977,"href":"https:\/\/gminachasno.pl\/index.php\/wp-json\/wp\/v2\/posts\/1972\/revisions\/1977"}],"wp:featuredmedia":[{"embeddable":true,"href":"https:\/\/gminachasno.pl\/index.php\/wp-json\/wp\/v2\/media\/1974"}],"wp:attachment":[{"href":"https:\/\/gminachasno.pl\/index.php\/wp-json\/wp\/v2\/media?parent=1972"}],"wp:term":[{"taxonomy":"category","embeddable":true,"href":"https:\/\/gminachasno.pl\/index.php\/wp-json\/wp\/v2\/categories?post=1972"},{"taxonomy":"post_tag","embeddable":true,"href":"https:\/\/gminachasno.pl\/index.php\/wp-json\/wp\/v2\/tags?post=1972"}],"curies":[{"name":"wp","href":"https:\/\/api.w.org\/{rel}","templated":true}]}}