{"id":1157,"date":"2021-02-01T04:06:00","date_gmt":"2021-02-01T03:06:00","guid":{"rendered":"http:\/\/it3.home.pl\/gmina_chasno\/?p=1157"},"modified":"2021-05-30T01:02:03","modified_gmt":"2021-05-29T23:02:03","slug":"termomodernizacja-budynku-szkoly-podstawowej-w-mastkach","status":"publish","type":"post","link":"https:\/\/gminachasno.pl\/index.php\/2021\/02\/01\/termomodernizacja-budynku-szkoly-podstawowej-w-mastkach\/","title":{"rendered":"Termomodernizacja Budynku Szko\u0142y Podstawowej w Mastkach"},"content":{"rendered":"\n<figure class=\"wp-block-image size-large\"><img loading=\"lazy\" decoding=\"async\" width=\"502\" height=\"194\" src=\"http:\/\/it3.home.pl\/gmina_chasno\/wp-content\/uploads\/2021\/05\/10_5.jpg\" alt=\"\" class=\"wp-image-1145\" srcset=\"https:\/\/gminachasno.pl\/wp-content\/uploads\/2021\/05\/10_5.jpg 502w, https:\/\/gminachasno.pl\/wp-content\/uploads\/2021\/05\/10_5-300x116.jpg 300w\" sizes=\"auto, (max-width: 502px) 100vw, 502px\" \/><\/figure>\n\n\n\n<p class=\"has-text-align-justify\"><strong><em>Zadanie pod nazw\u0105 \u201eTermomodernizacja Budynku Szko\u0142y Podstawowej w Mastkach\u201d&nbsp;dofinansowane jest ze \u015brodk\u00f3w Wojew\u00f3dzkiego Funduszu Ochrony \u015arodowiska i Gospodarki Wodnej w \u0141odzi.<\/em><\/strong><\/p>\n\n\n\n<p class=\"has-text-align-justify\"><strong><em>Warto\u015b\u0107 ca\u0142kowita zadania \u2013 758.363,29 z\u0142, dofinansowanie ze \u015brodk\u00f3w Wojew\u00f3dzkiego Funduszu Ochrony \u015arodowiska i Gospodarki Wodnej w \u0141odzi w wysoko\u015bci 214.806,00 z\u0142, z czego :<\/em><\/strong><\/p>\n\n\n\n<p><strong><em>&#8211; dotacja&nbsp; 64.442,00 z\u0142,<\/em><\/strong><\/p>\n\n\n\n<p><strong><em>&#8211; po\u017cyczka \u2013 150.364,00 z\u0142.<\/em><\/strong><\/p>\n\n\n\n<p class=\"has-text-align-justify\"><strong><em>Opis zakresu projektu: Przedmiotowy projekt przewiduje prace budowlane polegaj\u0105ce na termomodernizacji budynku Szko\u0142y Podstawowej. W ramach prac przygotowawczych wykonano audyt energetyczny, kt\u00f3ry wykaza\u0142 potrzeb\u0119 przeprowadzenia nast\u0119puj\u0105cych prac termomodernizacyjnych:<\/em><\/strong><\/p>\n\n\n\n<ul class=\"wp-block-list\"><li><strong><em>docieplenie \u015bcian zewn\u0119trznych o \u0142\u0105cznej powierzchni oko\u0142o 623m<sup>2<\/sup>;<\/em><\/strong><\/li><li><strong><em>docieplenie stropu o \u0142\u0105cznej powierzchni oko\u0142o 670 m<sup>2<\/sup>;<\/em><\/strong><\/li><li><strong><em>wymiana stolarki okiennej i drzwiowej o \u0142\u0105cznej powierzchni oko\u0142o 137 m<sup>2<\/sup>&nbsp;;<\/em><\/strong><\/li><li><strong><em>modernizacja pod\u0142\u00f3g o \u0142\u0105cznej powierzchni oko\u0142o 125 m<sup>2<\/sup>;<\/em><\/strong><\/li><li><strong><em>modernizacja instalacji c.o.;<\/em><\/strong><\/li><li><strong><em>modernizacja instalacji c.w.u. wraz z instalacj\u0105 pompy ciep\u0142a;<\/em><\/strong><\/li><li><strong><em>wymiana o\u015bwietlenia na energooszcz\u0119dne w ilo\u015bci oko\u0142o 287 sztuk;<\/em><\/strong><\/li><li><strong><em>wymiana pustak\u00f3w szklanych na okno PCV<\/em><\/strong><strong><em>.<\/em><\/strong><\/li><\/ul>\n\n\n\n<p><strong><a href=\"http:\/\/www.zainwestujwekologie.pl\/\"><strong>www.zainwestujwekologie.pl<\/strong><\/a><\/strong><\/p>\n","protected":false},"excerpt":{"rendered":"<p>Zadanie pod nazw\u0105 \u201eTermomodernizacja Budynku Szko\u0142y Podstawowej w Mastkach\u201d&nbsp;dofinansowane jest ze \u015brodk\u00f3w Wojew\u00f3dzkiego Funduszu Ochrony \u015arodowiska i Gospodarki Wodnej w \u0141odzi. Warto\u015b\u0107 ca\u0142kowita zadania \u2013 758.363,29 z\u0142, dofinansowanie ze \u015brodk\u00f3w Wojew\u00f3dzkiego Funduszu Ochrony \u015arodowiska i Gospodarki Wodnej w \u0141odzi w wysoko\u015bci 214.806,00 z\u0142, z czego : &#8211; dotacja&nbsp; 64.442,00 z\u0142, &#8211; po\u017cyczka \u2013 150.364,00 z\u0142. &hellip;<\/p>\n<p class=\"read-more\"> <a class=\"\" href=\"https:\/\/gminachasno.pl\/index.php\/2021\/02\/01\/termomodernizacja-budynku-szkoly-podstawowej-w-mastkach\/\"> <span class=\"screen-reader-text\">Termomodernizacja Budynku Szko\u0142y Podstawowej w Mastkach<\/span> Read More &raquo;<\/a><\/p>\n","protected":false},"author":1,"featured_media":659,"comment_status":"closed","ping_status":"closed","sticky":false,"template":"","format":"standard","meta":{"site-sidebar-layout":"default","site-content-layout":"default","ast-global-header-display":"","ast-main-header-display":"","ast-hfb-above-header-display":"","ast-hfb-below-header-display":"","ast-hfb-mobile-header-display":"","site-post-title":"","ast-breadcrumbs-content":"","ast-featured-img":"","footer-sml-layout":"","theme-transparent-header-meta":"default","adv-header-id-meta":"","stick-header-meta":"","header-above-stick-meta":"","header-main-stick-meta":"","header-below-stick-meta":"","footnotes":""},"categories":[1],"tags":[],"class_list":["post-1157","post","type-post","status-publish","format-standard","has-post-thumbnail","hentry","category-bez-kategorii"],"_links":{"self":[{"href":"https:\/\/gminachasno.pl\/index.php\/wp-json\/wp\/v2\/posts\/1157","targetHints":{"allow":["GET"]}}],"collection":[{"href":"https:\/\/gminachasno.pl\/index.php\/wp-json\/wp\/v2\/posts"}],"about":[{"href":"https:\/\/gminachasno.pl\/index.php\/wp-json\/wp\/v2\/types\/post"}],"author":[{"embeddable":true,"href":"https:\/\/gminachasno.pl\/index.php\/wp-json\/wp\/v2\/users\/1"}],"replies":[{"embeddable":true,"href":"https:\/\/gminachasno.pl\/index.php\/wp-json\/wp\/v2\/comments?post=1157"}],"version-history":[{"count":3,"href":"https:\/\/gminachasno.pl\/index.php\/wp-json\/wp\/v2\/posts\/1157\/revisions"}],"predecessor-version":[{"id":1478,"href":"https:\/\/gminachasno.pl\/index.php\/wp-json\/wp\/v2\/posts\/1157\/revisions\/1478"}],"wp:featuredmedia":[{"embeddable":true,"href":"https:\/\/gminachasno.pl\/index.php\/wp-json\/wp\/v2\/media\/659"}],"wp:attachment":[{"href":"https:\/\/gminachasno.pl\/index.php\/wp-json\/wp\/v2\/media?parent=1157"}],"wp:term":[{"taxonomy":"category","embeddable":true,"href":"https:\/\/gminachasno.pl\/index.php\/wp-json\/wp\/v2\/categories?post=1157"},{"taxonomy":"post_tag","embeddable":true,"href":"https:\/\/gminachasno.pl\/index.php\/wp-json\/wp\/v2\/tags?post=1157"}],"curies":[{"name":"wp","href":"https:\/\/api.w.org\/{rel}","templated":true}]}}