{"id":1020,"date":"2021-02-01T03:05:00","date_gmt":"2021-02-01T02:05:00","guid":{"rendered":"http:\/\/it3.home.pl\/gmina_chasno\/?p=1020"},"modified":"2021-05-30T01:03:51","modified_gmt":"2021-05-29T23:03:51","slug":"osp-karsznice","status":"publish","type":"post","link":"https:\/\/gminachasno.pl\/index.php\/2021\/02\/01\/osp-karsznice\/","title":{"rendered":"OSP Karsznice"},"content":{"rendered":"\n<figure class=\"wp-block-image size-large\"><img loading=\"lazy\" decoding=\"async\" width=\"580\" height=\"141\" src=\"http:\/\/it3.home.pl\/gmina_chasno\/wp-content\/uploads\/2021\/05\/logo_UE_03.jpg\" alt=\"\" class=\"wp-image-1016\" srcset=\"https:\/\/gminachasno.pl\/wp-content\/uploads\/2021\/05\/logo_UE_03.jpg 580w, https:\/\/gminachasno.pl\/wp-content\/uploads\/2021\/05\/logo_UE_03-300x73.jpg 300w\" sizes=\"auto, (max-width: 580px) 100vw, 580px\" \/><\/figure>\n\n\n\n<p class=\"has-text-align-justify\"><strong>Operacja pt. \u201eZakup wyposa\u017cenia do sali Ochotniczej Stra\u017cy Po\u017carnej w Karsznicach Du\u017cych oraz organizacja spotkania integracyjnego dla lokalnej spo\u0142eczno\u015bci\u201d w ramach dzia\u0142ania 413 Wdra\u017canie lokalnych strategii rozwoju obj\u0119tego PROW na lata 2007 \u2013 2013 w zakresie ma\u0142ych projekt\u00f3w<\/strong><\/p>\n\n\n\n<p class=\"has-text-align-justify\">Ochotnicza Stra\u017c Po\u017carna w Karsznicach Du\u017cych dnia 2 grudnia 2013 r. podpisa\u0142a umow\u0119 z Samorz\u0105dem Wojew\u00f3dztwa \u0141\u00f3dzkiego o przyznanie pomocy na operacj\u0119 z zakresu ma\u0142ych projekt\u00f3w w ramach dzia\u0142ania 413 \u201eWdra\u017canie lokalnych strategii rozwoju\u201d obj\u0119tego Programem Rozwoju Obszar\u00f3w Wiejskich na lata 2007 \u2013 2013. Ochotniczej Stra\u017cy Po\u017carnej w Karsznicach Du\u017cych \u2013 Beneficjentowi, zosta\u0142a przyznana pomoc, na podstawie z\u0142o\u017conego wniosku o przyznanie pomocy, jednak nie wi\u0119cej ni\u017c 80% kwoty poniesionych koszt\u00f3w kwalifikowalnych operacji i nie wi\u0119cej ni\u017c 25 tys. z\u0142 na realizacj\u0119 jednej operacji. Wniosek o przyznanie pomocy zosta\u0142 z\u0142o\u017cony za po\u015brednictwem Lokalnej Grupy Dzia\u0142ania \u201eGNIAZDO\u201d, w ramach og\u0142oszonego konkursu wniosk\u00f3w o przyznanie pomocy w ramach dzia\u0142ania \u201eWdra\u017canie lokalnych strategii rozwoju\u201d dla operacji odpowiadaj\u0105cych warunkom przyznania pomocy w ramach dzia\u0142ania \u201eWdra\u017cania Lokalnych Strategii Rozwoju\u201d w zakresie \u201ema\u0142ych projekt\u00f3w\u201d tj. operacji, kt\u00f3re nie odpowiadaj\u0105 warunkom przyznania pomocy, w ramach osi 3, ale przyczyniaj\u0105 si\u0119 do osi\u0105gni\u0119cia cel\u00f3w tej operacji obj\u0119tych Programem Rozwoju Obszar\u00f3w Wiejskich na lata 2007-2013.<\/p>\n\n\n\n<p class=\"has-text-align-justify\">Ochotnicza Stra\u017c Po\u017carna w Karsznicach Du\u017cych zobowi\u0105za\u0142a si\u0119 do realizacji operacji pt. \u201eZakup wyposa\u017cenia do sali Ochotniczej Stra\u017cy Po\u017carnej w Karsznicach Du\u017cych oraz organizacja spotkania integracyjnego dla lokalnej spo\u0142eczno\u015bci\u201d, kt\u00f3rej celem jest: umo\u017cliwienie mieszka\u0144com Karsznic Du\u017cych i Ma\u0142ych uczestnictwa w wydarzeniach kulturalnych wsi oraz integracja mieszka\u0144c\u00f3w wsi poprzez wyposa\u017cenie sali OSP w Karsznicach Du\u017cych oraz poprawa jako\u015bci \u017cycia i integracja lokalnej spo\u0142ecznosci poprzez organizacj\u0119 spotkania integracyjnego\u201d.<\/p>\n","protected":false},"excerpt":{"rendered":"<p>Operacja pt. \u201eZakup wyposa\u017cenia do sali Ochotniczej Stra\u017cy Po\u017carnej w Karsznicach Du\u017cych oraz organizacja spotkania integracyjnego dla lokalnej spo\u0142eczno\u015bci\u201d w ramach dzia\u0142ania 413 Wdra\u017canie lokalnych strategii rozwoju obj\u0119tego PROW na lata 2007 \u2013 2013 w zakresie ma\u0142ych projekt\u00f3w Ochotnicza Stra\u017c Po\u017carna w Karsznicach Du\u017cych dnia 2 grudnia 2013 r. podpisa\u0142a umow\u0119 z Samorz\u0105dem Wojew\u00f3dztwa \u0141\u00f3dzkiego &hellip;<\/p>\n<p class=\"read-more\"> <a class=\"\" href=\"https:\/\/gminachasno.pl\/index.php\/2021\/02\/01\/osp-karsznice\/\"> <span class=\"screen-reader-text\">OSP Karsznice<\/span> Read More &raquo;<\/a><\/p>\n","protected":false},"author":1,"featured_media":659,"comment_status":"closed","ping_status":"closed","sticky":false,"template":"","format":"standard","meta":{"site-sidebar-layout":"default","site-content-layout":"default","ast-global-header-display":"","ast-main-header-display":"","ast-hfb-above-header-display":"","ast-hfb-below-header-display":"","ast-hfb-mobile-header-display":"","site-post-title":"","ast-breadcrumbs-content":"","ast-featured-img":"","footer-sml-layout":"","theme-transparent-header-meta":"default","adv-header-id-meta":"","stick-header-meta":"","header-above-stick-meta":"","header-main-stick-meta":"","header-below-stick-meta":"","footnotes":""},"categories":[1],"tags":[],"class_list":["post-1020","post","type-post","status-publish","format-standard","has-post-thumbnail","hentry","category-bez-kategorii"],"_links":{"self":[{"href":"https:\/\/gminachasno.pl\/index.php\/wp-json\/wp\/v2\/posts\/1020","targetHints":{"allow":["GET"]}}],"collection":[{"href":"https:\/\/gminachasno.pl\/index.php\/wp-json\/wp\/v2\/posts"}],"about":[{"href":"https:\/\/gminachasno.pl\/index.php\/wp-json\/wp\/v2\/types\/post"}],"author":[{"embeddable":true,"href":"https:\/\/gminachasno.pl\/index.php\/wp-json\/wp\/v2\/users\/1"}],"replies":[{"embeddable":true,"href":"https:\/\/gminachasno.pl\/index.php\/wp-json\/wp\/v2\/comments?post=1020"}],"version-history":[{"count":2,"href":"https:\/\/gminachasno.pl\/index.php\/wp-json\/wp\/v2\/posts\/1020\/revisions"}],"predecessor-version":[{"id":1485,"href":"https:\/\/gminachasno.pl\/index.php\/wp-json\/wp\/v2\/posts\/1020\/revisions\/1485"}],"wp:featuredmedia":[{"embeddable":true,"href":"https:\/\/gminachasno.pl\/index.php\/wp-json\/wp\/v2\/media\/659"}],"wp:attachment":[{"href":"https:\/\/gminachasno.pl\/index.php\/wp-json\/wp\/v2\/media?parent=1020"}],"wp:term":[{"taxonomy":"category","embeddable":true,"href":"https:\/\/gminachasno.pl\/index.php\/wp-json\/wp\/v2\/categories?post=1020"},{"taxonomy":"post_tag","embeddable":true,"href":"https:\/\/gminachasno.pl\/index.php\/wp-json\/wp\/v2\/tags?post=1020"}],"curies":[{"name":"wp","href":"https:\/\/api.w.org\/{rel}","templated":true}]}}